{"id":467,"date":"2014-03-28T17:16:16","date_gmt":"2014-03-28T17:16:16","guid":{"rendered":"http:\/\/igor.stojakovic.net\/en\/?p=467"},"modified":"2014-03-29T15:39:44","modified_gmt":"2014-03-29T15:39:44","slug":"celebration-st-patricks-festival-dublin-14-03-17-03-2014","status":"publish","type":"post","link":"https:\/\/igor.stojakovic.net\/hr\/proslava-festivala-sv-patrika-u-dublinu-14-03-17-03-2014\/","title":{"rendered":"Proslava festivala sv. Patrika u Dublinu (14.03.-17.03.2014.)"},"content":{"rendered":"<p>Evo, samo da vam javim da smo \u017eivi i zdravi i da je prva proslava sv. Patrika u Dublinu pro\u0161la sasvim OK. \ud83d\ude42 Dobro, jest da je pro\u0161lo ve\u0107 skoro dva puna tjedna od onda, ali na poslu mi se slo\u017eio lu\u0111a\u010dki tjedan, imali smo goste, a i o\u010dito mi je vrijeme oporavka du\u017ee nego je bilo u mladosti. \ud83d\ude1b<\/p>\n<p>Ve\u0107 sam u prethodnom pisanju pretpostavio da je festival sv. Patrika jedna ogromna i lijepa fe\u0161tica. No, nek vam ja ispri\u010dam ne\u0161to vi\u0161e o njoj! \ud83d\ude42<\/p>\n<p>Dan sv. Patrika se slavi svake godine, 17. marta (o\u017eujka), na dan kada je umro najpoznatiji irski svetac, sv. Patrik. Prema podacima sa Wikipedije, Patrik je umro 461, zna\u010di prije nekih 1500 godina. Na irskom se jeziku ovaj dan zove &#8220;L\u00e1 Fh\u00e9ile P\u00e1draid&#8221; odnosno gozba sv. Patrika. <\/p>\n<p>Prema legendi, Patrik je bio Britanac, preciznije Vel\u0161anin, a u Irsku je prvi put do\u0161ao mimo svoje volje. Kada je imao \u0161esnaest godina, irski su ga plja\u010dka\u0161i kidnapirali na susjednom otoku i dovukli na svoj. Tu im je slu\u017eio \u0161est godina kao sluga, \u010duvao svinje i u me\u0111uvremenu prona\u0161ao Boga. Navodno mu je Bog govorio kojim putem da  se dovu\u010de do mora, i pobjegne nazad. Kad je stigao doma, zaredio se i krenuo dublje izu\u010davati kr\u0161\u0107anstvo. Petnaest godina kasnije poslan je na misiju u Irsku s ciljem pokr\u0161tavanja irskih pogana. S obzirom da je imao prebogato iskustvo iz Irske, znao je kako irski pogani razmi\u0161ljaju, pa ih je na kr\u0161\u0107anstvo navodio njima bliskim stvarima. Tako je djetelinu koristio kako bi objasnio sv. Trojstvo, a i to je glavni razlog za\u0161to su simboli Irske zelena boja i djetelina s tri lista. <\/p>\n<p>Osim toga, vjeruje se da je on zaslu\u017ean za protjerivanje svih zmija sa otoka, me\u0111utim, to je jedan urbani mit po\u0161to nikakvi fosilni ostaci zmija nisu nikad prona\u0111eni, a i klima je takva da samo dvono\u017ene zmije mogu pre\u017eivjeti. \ud83d\ude42<\/p>\n<p>Kako su kr\u0161\u0107anstvo i djetelina zavr\u0161ili kao parada pijanstva po cijeloj planeti zemlji, sasvim je druga pri\u010da. Svetog su Patrika za vrijeme korizme napale zmije, pa je morao prekinuti korizmu na jedan dan. \u010cini se da je taj njegov prekid dobra izlika Irskim, ali i svim drugim katolicima da i oni prekinu korizmu na taj poseban dan i onda se oblijevaju alkoholom cijeli tjedan. \ud83d\ude42<\/p>\n<p>No o povijesti mo\u017eete \u010ditati bespu\u0107ima interneta, nego da pre\u0111emo mi na samu proslavu u Dublinu, mo\u017ee?<\/p>\n<p>Kao \u0161to znamo tjedan prije same proslave grad je ve\u0107 bio dekoriran, atmosfera je bila kako treba i sve je bilo spremno za luda tri dana. <\/p>\n<p>U petak ve\u010de smo prvi put od kad smo u Irskoj \u010duli kako cijeli Temple bar pjeva. Bio je to pouzdan znak da \u0107e nadolaze\u0107i vikend biti glasan. Ipak, kako smo se izmorili na poslu, samo smo popili par Guinnessa i pro\u0161etali po gradu kako bi prikupio neke slike za ovu pri\u010du. (na kraju posta) <\/p>\n<p>Odlu\u010dili smo da na\u0161e istra\u017eivanje sv. Patrika po\u010dinje u subotu. Posjetili smo oko podne Temple bar, i nabavili neke djeteline. <\/p>\n<p><img loading=\"lazy\" decoding=\"async\" data-attachment-id=\"470\" data-permalink=\"https:\/\/igor.stojakovic.net\/hr\/proslava-festivala-sv-patrika-u-dublinu-14-03-17-03-2014\/crowd_in_temple_bar_on_st_patricks_weekend\/\" data-orig-file=\"https:\/\/igor.stojakovic.net\/wp-content\/uploads\/2014\/03\/Crowd_In_Temple_Bar_On_St_Patricks_Weekend.jpg\" data-orig-size=\"1024,577\" data-comments-opened=\"0\" data-image-meta=\"{&quot;aperture&quot;:&quot;0&quot;,&quot;credit&quot;:&quot;&quot;,&quot;camera&quot;:&quot;&quot;,&quot;caption&quot;:&quot;&quot;,&quot;created_timestamp&quot;:&quot;0&quot;,&quot;copyright&quot;:&quot;&quot;,&quot;focal_length&quot;:&quot;0&quot;,&quot;iso&quot;:&quot;0&quot;,&quot;shutter_speed&quot;:&quot;0&quot;,&quot;title&quot;:&quot;&quot;}\" data-image-title=\"Crowd_In_Temple_Bar_On_St_Patricks_Weekend\" data-image-description=\"\" data-image-caption=\"\" data-medium-file=\"https:\/\/igor.stojakovic.net\/wp-content\/uploads\/2014\/03\/Crowd_In_Temple_Bar_On_St_Patricks_Weekend-300x169.jpg\" data-large-file=\"https:\/\/igor.stojakovic.net\/wp-content\/uploads\/2014\/03\/Crowd_In_Temple_Bar_On_St_Patricks_Weekend.jpg\" src=\"http:\/\/igor.stojakovic.net\/wp-content\/uploads\/2014\/03\/Crowd_In_Temple_Bar_On_St_Patricks_Weekend.jpg\" alt=\"Crowd_In_Temple_Bar_On_St_Patricks_Weekend\" width=\"1024\" height=\"577\" class=\"alignnone size-full wp-image-470\" srcset=\"https:\/\/igor.stojakovic.net\/wp-content\/uploads\/2014\/03\/Crowd_In_Temple_Bar_On_St_Patricks_Weekend.jpg 1024w, https:\/\/igor.stojakovic.net\/wp-content\/uploads\/2014\/03\/Crowd_In_Temple_Bar_On_St_Patricks_Weekend-300x169.jpg 300w\" sizes=\"auto, (max-width: 1024px) 100vw, 1024px\" \/><\/p>\n<p><img loading=\"lazy\" decoding=\"async\" data-attachment-id=\"469\" data-permalink=\"https:\/\/igor.stojakovic.net\/hr\/proslava-festivala-sv-patrika-u-dublinu-14-03-17-03-2014\/crowd_in_temple_bar_on_saturday\/\" data-orig-file=\"https:\/\/igor.stojakovic.net\/wp-content\/uploads\/2014\/03\/Crowd_In_Temple_Bar_On_Saturday.jpg\" data-orig-size=\"1024,577\" data-comments-opened=\"0\" data-image-meta=\"{&quot;aperture&quot;:&quot;0&quot;,&quot;credit&quot;:&quot;&quot;,&quot;camera&quot;:&quot;&quot;,&quot;caption&quot;:&quot;&quot;,&quot;created_timestamp&quot;:&quot;0&quot;,&quot;copyright&quot;:&quot;&quot;,&quot;focal_length&quot;:&quot;0&quot;,&quot;iso&quot;:&quot;0&quot;,&quot;shutter_speed&quot;:&quot;0&quot;,&quot;title&quot;:&quot;&quot;}\" data-image-title=\"Crowd_In_Temple_Bar_On_Saturday\" data-image-description=\"\" data-image-caption=\"\" data-medium-file=\"https:\/\/igor.stojakovic.net\/wp-content\/uploads\/2014\/03\/Crowd_In_Temple_Bar_On_Saturday-300x169.jpg\" data-large-file=\"https:\/\/igor.stojakovic.net\/wp-content\/uploads\/2014\/03\/Crowd_In_Temple_Bar_On_Saturday.jpg\" src=\"http:\/\/igor.stojakovic.net\/wp-content\/uploads\/2014\/03\/Crowd_In_Temple_Bar_On_Saturday.jpg\" alt=\"Crowd_In_Temple_Bar_On_Saturday\" width=\"1024\" height=\"577\" class=\"alignnone size-full wp-image-469\" srcset=\"https:\/\/igor.stojakovic.net\/wp-content\/uploads\/2014\/03\/Crowd_In_Temple_Bar_On_Saturday.jpg 1024w, https:\/\/igor.stojakovic.net\/wp-content\/uploads\/2014\/03\/Crowd_In_Temple_Bar_On_Saturday-300x169.jpg 300w\" sizes=\"auto, (max-width: 1024px) 100vw, 1024px\" \/><\/p>\n<p><img loading=\"lazy\" decoding=\"async\" data-attachment-id=\"484\" data-permalink=\"https:\/\/igor.stojakovic.net\/hr\/proslava-festivala-sv-patrika-u-dublinu-14-03-17-03-2014\/saturday_six_nations_day_ireland_dublin\/\" data-orig-file=\"https:\/\/igor.stojakovic.net\/wp-content\/uploads\/2014\/03\/Saturday_Six_Nations_Day_Ireland_Dublin.jpg\" data-orig-size=\"1024,577\" data-comments-opened=\"0\" data-image-meta=\"{&quot;aperture&quot;:&quot;0&quot;,&quot;credit&quot;:&quot;&quot;,&quot;camera&quot;:&quot;&quot;,&quot;caption&quot;:&quot;&quot;,&quot;created_timestamp&quot;:&quot;0&quot;,&quot;copyright&quot;:&quot;&quot;,&quot;focal_length&quot;:&quot;0&quot;,&quot;iso&quot;:&quot;0&quot;,&quot;shutter_speed&quot;:&quot;0&quot;,&quot;title&quot;:&quot;&quot;}\" data-image-title=\"Saturday_Six_Nations_Day_Ireland_Dublin\" data-image-description=\"\" data-image-caption=\"\" data-medium-file=\"https:\/\/igor.stojakovic.net\/wp-content\/uploads\/2014\/03\/Saturday_Six_Nations_Day_Ireland_Dublin-300x169.jpg\" data-large-file=\"https:\/\/igor.stojakovic.net\/wp-content\/uploads\/2014\/03\/Saturday_Six_Nations_Day_Ireland_Dublin.jpg\" src=\"http:\/\/igor.stojakovic.net\/wp-content\/uploads\/2014\/03\/Saturday_Six_Nations_Day_Ireland_Dublin.jpg\" alt=\"Saturday_Six_Nations_Day_Ireland_Dublin\" width=\"1024\" height=\"577\" class=\"alignnone size-full wp-image-484\" srcset=\"https:\/\/igor.stojakovic.net\/wp-content\/uploads\/2014\/03\/Saturday_Six_Nations_Day_Ireland_Dublin.jpg 1024w, https:\/\/igor.stojakovic.net\/wp-content\/uploads\/2014\/03\/Saturday_Six_Nations_Day_Ireland_Dublin-300x169.jpg 300w\" sizes=\"auto, (max-width: 1024px) 100vw, 1024px\" \/><\/p>\n<p>Kao \u0161to mo\u017eete vidjeti, bilo je prili\u010dno krcato ve\u0107 popodne i razne su se pjesme i krici mogli \u010duti u ovom djelu grada. Nama se \u017eurilo zauzeti dobre pozicije u lokalnom pubu, jer se taj dan igrala odlu\u010duju\u0107a utakmica u ragbiju. Radilo se o posljednjoj utakmici kupa \u0161est nacija i u slu\u010daju da Irska pobijedi Francusku, bila bi prvak.<\/p>\n<p><img loading=\"lazy\" decoding=\"async\" data-attachment-id=\"485\" data-permalink=\"https:\/\/igor.stojakovic.net\/hr\/proslava-festivala-sv-patrika-u-dublinu-14-03-17-03-2014\/six_nations_rugby_game_in_the_pub\/\" data-orig-file=\"https:\/\/igor.stojakovic.net\/wp-content\/uploads\/2014\/03\/Six_Nations_Rugby_Game_In_The_Pub.jpg\" data-orig-size=\"1024,577\" data-comments-opened=\"0\" data-image-meta=\"{&quot;aperture&quot;:&quot;0&quot;,&quot;credit&quot;:&quot;&quot;,&quot;camera&quot;:&quot;&quot;,&quot;caption&quot;:&quot;&quot;,&quot;created_timestamp&quot;:&quot;0&quot;,&quot;copyright&quot;:&quot;&quot;,&quot;focal_length&quot;:&quot;0&quot;,&quot;iso&quot;:&quot;0&quot;,&quot;shutter_speed&quot;:&quot;0&quot;,&quot;title&quot;:&quot;&quot;}\" data-image-title=\"Six_Nations_Rugby_Game_In_The_Pub\" data-image-description=\"\" data-image-caption=\"\" data-medium-file=\"https:\/\/igor.stojakovic.net\/wp-content\/uploads\/2014\/03\/Six_Nations_Rugby_Game_In_The_Pub-300x169.jpg\" data-large-file=\"https:\/\/igor.stojakovic.net\/wp-content\/uploads\/2014\/03\/Six_Nations_Rugby_Game_In_The_Pub.jpg\" src=\"http:\/\/igor.stojakovic.net\/wp-content\/uploads\/2014\/03\/Six_Nations_Rugby_Game_In_The_Pub.jpg\" alt=\"Six_Nations_Rugby_Game_In_The_Pub\" width=\"1024\" height=\"577\" class=\"alignnone size-full wp-image-485\" srcset=\"https:\/\/igor.stojakovic.net\/wp-content\/uploads\/2014\/03\/Six_Nations_Rugby_Game_In_The_Pub.jpg 1024w, https:\/\/igor.stojakovic.net\/wp-content\/uploads\/2014\/03\/Six_Nations_Rugby_Game_In_The_Pub-300x169.jpg 300w\" sizes=\"auto, (max-width: 1024px) 100vw, 1024px\" \/><\/p>\n<p>Iako su Francuzi postigli poen u isteku regularnog dijela utakmice, taj je potez bio ilegalan (dodavanje prema naprijed), a sve ostalo je povijest&#8230; Fe\u0161ta je mogla po\u010deti, a grad je potpuno poludio. Nismo ni mi bili ni\u0161ta bolji, pa da vam ka\u017eem kako je protekla nedjelja! :))<\/p>\n<p>U nedjelju se odr\u017eavalo neko polugodi\u0161nje takmi\u010denje vesla\u010da UCD-a i Trinitija. Postoji odre\u0111ena fama kako Triniti nikad ne gubi ovo takmi\u010denje. Ako se to i dogodi, to se takmi\u010denje ne ra\u010duna. <\/p>\n<p>E pa, ne znam onda \u0161to sam slikao, jer se izgleda nije odr\u017ealo ove godine. \ud83d\ude42<\/p>\n<p><img loading=\"lazy\" decoding=\"async\" data-attachment-id=\"483\" data-permalink=\"https:\/\/igor.stojakovic.net\/hr\/proslava-festivala-sv-patrika-u-dublinu-14-03-17-03-2014\/rowing_st_patricks_race_in_dublin\/\" data-orig-file=\"https:\/\/igor.stojakovic.net\/wp-content\/uploads\/2014\/03\/Rowing_St_Patricks_race_In_Dublin.jpg\" data-orig-size=\"1024,577\" data-comments-opened=\"0\" data-image-meta=\"{&quot;aperture&quot;:&quot;0&quot;,&quot;credit&quot;:&quot;&quot;,&quot;camera&quot;:&quot;&quot;,&quot;caption&quot;:&quot;&quot;,&quot;created_timestamp&quot;:&quot;0&quot;,&quot;copyright&quot;:&quot;&quot;,&quot;focal_length&quot;:&quot;0&quot;,&quot;iso&quot;:&quot;0&quot;,&quot;shutter_speed&quot;:&quot;0&quot;,&quot;title&quot;:&quot;&quot;}\" data-image-title=\"Rowing_St_Patricks_race_In_Dublin\" data-image-description=\"\" data-image-caption=\"\" data-medium-file=\"https:\/\/igor.stojakovic.net\/wp-content\/uploads\/2014\/03\/Rowing_St_Patricks_race_In_Dublin-300x169.jpg\" data-large-file=\"https:\/\/igor.stojakovic.net\/wp-content\/uploads\/2014\/03\/Rowing_St_Patricks_race_In_Dublin.jpg\" src=\"http:\/\/igor.stojakovic.net\/wp-content\/uploads\/2014\/03\/Rowing_St_Patricks_race_In_Dublin.jpg\" alt=\"Rowing_St_Patricks_race_In_Dublin\" width=\"1024\" height=\"577\" class=\"alignnone size-full wp-image-483\" srcset=\"https:\/\/igor.stojakovic.net\/wp-content\/uploads\/2014\/03\/Rowing_St_Patricks_race_In_Dublin.jpg 1024w, https:\/\/igor.stojakovic.net\/wp-content\/uploads\/2014\/03\/Rowing_St_Patricks_race_In_Dublin-300x169.jpg 300w\" sizes=\"auto, (max-width: 1024px) 100vw, 1024px\" \/><\/p>\n<p>Po\u0161to je na Ha&#8217;Penny mostu bili &#8216;nako lagano hladno ( smrzli se ko&#8230;), odlu\u010dili smo provjeriti sve besplatne stvari koje su se nudile taj dan. Prvo smo oti\u0161li u malenu galeriju u kojoj je bila izlo\u017eba dublinskih slikara koji su poznate radove iz pro\u0161losti preradili i smjestili u dana\u0161nje vrijeme. Skroz interesantno, ali zaboravih slikati na samoj izlo\u017ebi. \ud83d\ude42<\/p>\n<p><img loading=\"lazy\" decoding=\"async\" data-attachment-id=\"497\" data-permalink=\"https:\/\/igor.stojakovic.net\/hr\/proslava-festivala-sv-patrika-u-dublinu-14-03-17-03-2014\/we_love_dublin\/\" data-orig-file=\"https:\/\/igor.stojakovic.net\/wp-content\/uploads\/2014\/03\/We_Love_Dublin.jpg\" data-orig-size=\"577,1024\" data-comments-opened=\"0\" data-image-meta=\"{&quot;aperture&quot;:&quot;0&quot;,&quot;credit&quot;:&quot;&quot;,&quot;camera&quot;:&quot;&quot;,&quot;caption&quot;:&quot;&quot;,&quot;created_timestamp&quot;:&quot;0&quot;,&quot;copyright&quot;:&quot;&quot;,&quot;focal_length&quot;:&quot;0&quot;,&quot;iso&quot;:&quot;0&quot;,&quot;shutter_speed&quot;:&quot;0&quot;,&quot;title&quot;:&quot;&quot;}\" data-image-title=\"We_Love_Dublin\" data-image-description=\"\" data-image-caption=\"\" data-medium-file=\"https:\/\/igor.stojakovic.net\/wp-content\/uploads\/2014\/03\/We_Love_Dublin-169x300.jpg\" data-large-file=\"https:\/\/igor.stojakovic.net\/wp-content\/uploads\/2014\/03\/We_Love_Dublin.jpg\" src=\"http:\/\/igor.stojakovic.net\/wp-content\/uploads\/2014\/03\/We_Love_Dublin.jpg\" alt=\"We_Love_Dublin\" width=\"577\" height=\"1024\" class=\"alignnone size-full wp-image-497\" srcset=\"https:\/\/igor.stojakovic.net\/wp-content\/uploads\/2014\/03\/We_Love_Dublin.jpg 577w, https:\/\/igor.stojakovic.net\/wp-content\/uploads\/2014\/03\/We_Love_Dublin-169x300.jpg 169w\" sizes=\"auto, (max-width: 577px) 100vw, 577px\" \/><\/p>\n<p>Nakon ove galerije na ju\u017enom dijelu grada, oti\u0161li smo do druge, sjeverno pozicionirane galerije pogledati neki dokumentarac o nekom irskom umjetniku. On je kao preselio sa sela u Dublin, bilo mu grozno u po\u010detku, pa mu kasnije Dublin najbolji na svijetu. Nama je nekako njegov film bio ko i njegov po\u010detak u Dublinu pa smo brzo zbrisali dalje, na neka interesantnija mjesta. <\/p>\n<p><img loading=\"lazy\" decoding=\"async\" data-attachment-id=\"480\" data-permalink=\"https:\/\/igor.stojakovic.net\/hr\/proslava-festivala-sv-patrika-u-dublinu-14-03-17-03-2014\/me_playing_music\/\" data-orig-file=\"https:\/\/igor.stojakovic.net\/wp-content\/uploads\/2014\/03\/Me_Playing_Music.jpg\" data-orig-size=\"577,1024\" data-comments-opened=\"0\" data-image-meta=\"{&quot;aperture&quot;:&quot;0&quot;,&quot;credit&quot;:&quot;&quot;,&quot;camera&quot;:&quot;&quot;,&quot;caption&quot;:&quot;&quot;,&quot;created_timestamp&quot;:&quot;0&quot;,&quot;copyright&quot;:&quot;&quot;,&quot;focal_length&quot;:&quot;0&quot;,&quot;iso&quot;:&quot;0&quot;,&quot;shutter_speed&quot;:&quot;0&quot;,&quot;title&quot;:&quot;&quot;}\" data-image-title=\"Me_Playing_Music\" data-image-description=\"\" data-image-caption=\"\" data-medium-file=\"https:\/\/igor.stojakovic.net\/wp-content\/uploads\/2014\/03\/Me_Playing_Music-169x300.jpg\" data-large-file=\"https:\/\/igor.stojakovic.net\/wp-content\/uploads\/2014\/03\/Me_Playing_Music.jpg\" src=\"http:\/\/igor.stojakovic.net\/wp-content\/uploads\/2014\/03\/Me_Playing_Music.jpg\" alt=\"Me_Playing_Music\" width=\"577\" height=\"1024\" class=\"alignnone size-full wp-image-480\" srcset=\"https:\/\/igor.stojakovic.net\/wp-content\/uploads\/2014\/03\/Me_Playing_Music.jpg 577w, https:\/\/igor.stojakovic.net\/wp-content\/uploads\/2014\/03\/Me_Playing_Music-169x300.jpg 169w\" sizes=\"auto, (max-width: 577px) 100vw, 577px\" \/><\/p>\n<p><img loading=\"lazy\" decoding=\"async\" data-attachment-id=\"471\" data-permalink=\"https:\/\/igor.stojakovic.net\/hr\/proslava-festivala-sv-patrika-u-dublinu-14-03-17-03-2014\/dina_dancing\/\" data-orig-file=\"https:\/\/igor.stojakovic.net\/wp-content\/uploads\/2014\/03\/Dina_Dancing.jpg\" data-orig-size=\"577,1024\" data-comments-opened=\"0\" data-image-meta=\"{&quot;aperture&quot;:&quot;0&quot;,&quot;credit&quot;:&quot;&quot;,&quot;camera&quot;:&quot;&quot;,&quot;caption&quot;:&quot;&quot;,&quot;created_timestamp&quot;:&quot;0&quot;,&quot;copyright&quot;:&quot;&quot;,&quot;focal_length&quot;:&quot;0&quot;,&quot;iso&quot;:&quot;0&quot;,&quot;shutter_speed&quot;:&quot;0&quot;,&quot;title&quot;:&quot;&quot;}\" data-image-title=\"Dina_Dancing\" data-image-description=\"\" data-image-caption=\"\" data-medium-file=\"https:\/\/igor.stojakovic.net\/wp-content\/uploads\/2014\/03\/Dina_Dancing-169x300.jpg\" data-large-file=\"https:\/\/igor.stojakovic.net\/wp-content\/uploads\/2014\/03\/Dina_Dancing.jpg\" src=\"http:\/\/igor.stojakovic.net\/wp-content\/uploads\/2014\/03\/Dina_Dancing.jpg\" alt=\"Dina_Dancing\" width=\"577\" height=\"1024\" class=\"alignnone size-full wp-image-471\" srcset=\"https:\/\/igor.stojakovic.net\/wp-content\/uploads\/2014\/03\/Dina_Dancing.jpg 577w, https:\/\/igor.stojakovic.net\/wp-content\/uploads\/2014\/03\/Dina_Dancing-169x300.jpg 169w\" sizes=\"auto, (max-width: 577px) 100vw, 577px\" \/><\/p>\n<p>Putem smo sretali i neke ba\u0161 zanimljive likove. \ud83d\ude42<\/p>\n<p><img loading=\"lazy\" decoding=\"async\" data-attachment-id=\"481\" data-permalink=\"https:\/\/igor.stojakovic.net\/hr\/proslava-festivala-sv-patrika-u-dublinu-14-03-17-03-2014\/monkey_using_mobile_phones\/\" data-orig-file=\"https:\/\/igor.stojakovic.net\/wp-content\/uploads\/2014\/03\/Monkey_Using_Mobile_phones.jpg\" data-orig-size=\"1024,577\" data-comments-opened=\"0\" data-image-meta=\"{&quot;aperture&quot;:&quot;0&quot;,&quot;credit&quot;:&quot;&quot;,&quot;camera&quot;:&quot;&quot;,&quot;caption&quot;:&quot;&quot;,&quot;created_timestamp&quot;:&quot;0&quot;,&quot;copyright&quot;:&quot;&quot;,&quot;focal_length&quot;:&quot;0&quot;,&quot;iso&quot;:&quot;0&quot;,&quot;shutter_speed&quot;:&quot;0&quot;,&quot;title&quot;:&quot;&quot;}\" data-image-title=\"Monkey_Using_Mobile_phones\" data-image-description=\"\" data-image-caption=\"\" data-medium-file=\"https:\/\/igor.stojakovic.net\/wp-content\/uploads\/2014\/03\/Monkey_Using_Mobile_phones-300x169.jpg\" data-large-file=\"https:\/\/igor.stojakovic.net\/wp-content\/uploads\/2014\/03\/Monkey_Using_Mobile_phones.jpg\" src=\"http:\/\/igor.stojakovic.net\/wp-content\/uploads\/2014\/03\/Monkey_Using_Mobile_phones.jpg\" alt=\"Monkey_Using_Mobile_phones\" width=\"1024\" height=\"577\" class=\"alignnone size-full wp-image-481\" srcset=\"https:\/\/igor.stojakovic.net\/wp-content\/uploads\/2014\/03\/Monkey_Using_Mobile_phones.jpg 1024w, https:\/\/igor.stojakovic.net\/wp-content\/uploads\/2014\/03\/Monkey_Using_Mobile_phones-300x169.jpg 300w\" sizes=\"auto, (max-width: 1024px) 100vw, 1024px\" \/><\/p>\n<p>A onda smo oti\u0161li na nekakav sajam piva. Da da, jo\u0161 jedan sajam hrane i piva u Dublinu i mi smo opet zavr\u0161ili tamo. Da ne ponavljam kako to izgleda, ako ste zaboravili evo ovako je bilo na pro\u0161lom <a href=\"http:\/\/igor.stojakovic.net\/hr\/drustveni-zivot-u-dublinskim-pubovima\/\" title=\"beer festu\" target=\"_blank\">beer festu<\/a>.<\/p>\n<p>Nakon beer festa, odlu\u010dili smo se pro\u0161etati po gradu i posjetiti besplatne koncerte na otvorenom.<\/p>\n<p><img loading=\"lazy\" decoding=\"async\" data-attachment-id=\"482\" data-permalink=\"https:\/\/igor.stojakovic.net\/hr\/proslava-festivala-sv-patrika-u-dublinu-14-03-17-03-2014\/music_streets\/\" data-orig-file=\"https:\/\/igor.stojakovic.net\/wp-content\/uploads\/2014\/03\/Music_Streets.jpg\" data-orig-size=\"577,1024\" data-comments-opened=\"0\" data-image-meta=\"{&quot;aperture&quot;:&quot;0&quot;,&quot;credit&quot;:&quot;&quot;,&quot;camera&quot;:&quot;&quot;,&quot;caption&quot;:&quot;&quot;,&quot;created_timestamp&quot;:&quot;0&quot;,&quot;copyright&quot;:&quot;&quot;,&quot;focal_length&quot;:&quot;0&quot;,&quot;iso&quot;:&quot;0&quot;,&quot;shutter_speed&quot;:&quot;0&quot;,&quot;title&quot;:&quot;&quot;}\" data-image-title=\"Music_Streets\" data-image-description=\"\" data-image-caption=\"\" data-medium-file=\"https:\/\/igor.stojakovic.net\/wp-content\/uploads\/2014\/03\/Music_Streets-169x300.jpg\" data-large-file=\"https:\/\/igor.stojakovic.net\/wp-content\/uploads\/2014\/03\/Music_Streets.jpg\" src=\"http:\/\/igor.stojakovic.net\/wp-content\/uploads\/2014\/03\/Music_Streets.jpg\" alt=\"Music_Streets\" width=\"577\" height=\"1024\" class=\"alignnone size-full wp-image-482\" srcset=\"https:\/\/igor.stojakovic.net\/wp-content\/uploads\/2014\/03\/Music_Streets.jpg 577w, https:\/\/igor.stojakovic.net\/wp-content\/uploads\/2014\/03\/Music_Streets-169x300.jpg 169w\" sizes=\"auto, (max-width: 577px) 100vw, 577px\" \/><\/p>\n<p>Kao \u0161to mo\u017eete vidjeti, bilo je solidno posje\u0107eno. \ud83d\ude42<\/p>\n<p>Ipak, nije za vrijeme sv. Patrika sve samo u pivu. Ne\u0161to je i u tom &#8220;zelenom&#8221;. Normalno, onda smo oti\u0161li i na zeleno pivo! \ud83d\ude42<\/p>\n<p><img loading=\"lazy\" decoding=\"async\" data-attachment-id=\"499\" data-permalink=\"https:\/\/igor.stojakovic.net\/hr\/proslava-festivala-sv-patrika-u-dublinu-14-03-17-03-2014\/even_the_beer_gets_green_in_dublin\/\" data-orig-file=\"https:\/\/igor.stojakovic.net\/wp-content\/uploads\/2014\/03\/Even_The_Beer_Gets_Green_In_Dublin.jpg\" data-orig-size=\"768,1024\" data-comments-opened=\"0\" data-image-meta=\"{&quot;aperture&quot;:&quot;0&quot;,&quot;credit&quot;:&quot;&quot;,&quot;camera&quot;:&quot;&quot;,&quot;caption&quot;:&quot;&quot;,&quot;created_timestamp&quot;:&quot;0&quot;,&quot;copyright&quot;:&quot;&quot;,&quot;focal_length&quot;:&quot;0&quot;,&quot;iso&quot;:&quot;0&quot;,&quot;shutter_speed&quot;:&quot;0&quot;,&quot;title&quot;:&quot;&quot;}\" data-image-title=\"Even_The_Beer_Gets_Green_In_Dublin\" data-image-description=\"\" data-image-caption=\"\" data-medium-file=\"https:\/\/igor.stojakovic.net\/wp-content\/uploads\/2014\/03\/Even_The_Beer_Gets_Green_In_Dublin-225x300.jpg\" data-large-file=\"https:\/\/igor.stojakovic.net\/wp-content\/uploads\/2014\/03\/Even_The_Beer_Gets_Green_In_Dublin.jpg\" src=\"http:\/\/igor.stojakovic.net\/wp-content\/uploads\/2014\/03\/Even_The_Beer_Gets_Green_In_Dublin.jpg\" alt=\"Even_The_Beer_Gets_Green_In_Dublin\" width=\"768\" height=\"1024\" class=\"alignnone size-full wp-image-499\" srcset=\"https:\/\/igor.stojakovic.net\/wp-content\/uploads\/2014\/03\/Even_The_Beer_Gets_Green_In_Dublin.jpg 768w, https:\/\/igor.stojakovic.net\/wp-content\/uploads\/2014\/03\/Even_The_Beer_Gets_Green_In_Dublin-225x300.jpg 225w\" sizes=\"auto, (max-width: 768px) 100vw, 768px\" \/><\/p>\n<p>Po\u0161to smo rano krenuli i nekoliko piva potro\u0161ili, odlu\u010dili smo se odmoriti za ponedjeljak. O da, lijepo se mogao \u010duti cijeli Temple bar kako pjeva u glas. Sre\u0107om, \u010duo sam ih ravno 15 sekundi, a onda je nastupio ponedjeljak! \ud83d\ude42<\/p>\n<p>Ponedjeljak je bio najlu\u0111i dan, sam Dan sv. Patrika, kad velik broj Iraca dolazi u Dublin kako bi bili sudionici u najve\u0107oj mogu\u0107oj paradi. Ne\u0161to kao na\u0161 karneval u Rijeci, samo je sve nekako zeleno. Ba\u0161 kao i u Rijeci, ogroman je broj ljudi koji dolaze gledati paradu.<\/p>\n<p><img loading=\"lazy\" decoding=\"async\" data-attachment-id=\"494\" data-permalink=\"https:\/\/igor.stojakovic.net\/hr\/proslava-festivala-sv-patrika-u-dublinu-14-03-17-03-2014\/st_patricks_parade_dublin_2014\/\" data-orig-file=\"https:\/\/igor.stojakovic.net\/wp-content\/uploads\/2014\/03\/St_Patricks_Parade_Dublin_2014.jpg\" data-orig-size=\"1024,577\" data-comments-opened=\"0\" data-image-meta=\"{&quot;aperture&quot;:&quot;0&quot;,&quot;credit&quot;:&quot;&quot;,&quot;camera&quot;:&quot;&quot;,&quot;caption&quot;:&quot;&quot;,&quot;created_timestamp&quot;:&quot;0&quot;,&quot;copyright&quot;:&quot;&quot;,&quot;focal_length&quot;:&quot;0&quot;,&quot;iso&quot;:&quot;0&quot;,&quot;shutter_speed&quot;:&quot;0&quot;,&quot;title&quot;:&quot;&quot;}\" data-image-title=\"St_Patricks_Parade_Dublin_2014\" data-image-description=\"\" data-image-caption=\"\" data-medium-file=\"https:\/\/igor.stojakovic.net\/wp-content\/uploads\/2014\/03\/St_Patricks_Parade_Dublin_2014-300x169.jpg\" data-large-file=\"https:\/\/igor.stojakovic.net\/wp-content\/uploads\/2014\/03\/St_Patricks_Parade_Dublin_2014.jpg\" src=\"http:\/\/igor.stojakovic.net\/wp-content\/uploads\/2014\/03\/St_Patricks_Parade_Dublin_2014.jpg\" alt=\"St_Patricks_Parade_Dublin_2014\" width=\"1024\" height=\"577\" class=\"alignnone size-full wp-image-494\" srcset=\"https:\/\/igor.stojakovic.net\/wp-content\/uploads\/2014\/03\/St_Patricks_Parade_Dublin_2014.jpg 1024w, https:\/\/igor.stojakovic.net\/wp-content\/uploads\/2014\/03\/St_Patricks_Parade_Dublin_2014-300x169.jpg 300w\" sizes=\"auto, (max-width: 1024px) 100vw, 1024px\" \/><\/p>\n<p>S obzirom da se sve odvija na ulicama Dublina, malo je bilo neobi\u010dno vidjeti kako ljudi hodaju nose\u0107i ljestve i idu prema centru, ali neki su o\u010dito nau\u010dili kako ipak ne\u0161to vidjeti iz stra\u017enjih redova. \ud83d\ude42<\/p>\n<p><img loading=\"lazy\" decoding=\"async\" data-attachment-id=\"493\" data-permalink=\"https:\/\/igor.stojakovic.net\/hr\/proslava-festivala-sv-patrika-u-dublinu-14-03-17-03-2014\/st_patricks_parade_dublin_2014_leathers\/\" data-orig-file=\"https:\/\/igor.stojakovic.net\/wp-content\/uploads\/2014\/03\/St_Patricks_Parade_Dublin_2014_Leathers.jpg\" data-orig-size=\"1024,577\" data-comments-opened=\"0\" data-image-meta=\"{&quot;aperture&quot;:&quot;0&quot;,&quot;credit&quot;:&quot;&quot;,&quot;camera&quot;:&quot;&quot;,&quot;caption&quot;:&quot;&quot;,&quot;created_timestamp&quot;:&quot;0&quot;,&quot;copyright&quot;:&quot;&quot;,&quot;focal_length&quot;:&quot;0&quot;,&quot;iso&quot;:&quot;0&quot;,&quot;shutter_speed&quot;:&quot;0&quot;,&quot;title&quot;:&quot;&quot;}\" data-image-title=\"St_Patricks_Parade_Dublin_2014_Leathers\" data-image-description=\"\" data-image-caption=\"\" data-medium-file=\"https:\/\/igor.stojakovic.net\/wp-content\/uploads\/2014\/03\/St_Patricks_Parade_Dublin_2014_Leathers-300x169.jpg\" data-large-file=\"https:\/\/igor.stojakovic.net\/wp-content\/uploads\/2014\/03\/St_Patricks_Parade_Dublin_2014_Leathers.jpg\" src=\"http:\/\/igor.stojakovic.net\/wp-content\/uploads\/2014\/03\/St_Patricks_Parade_Dublin_2014_Leathers.jpg\" alt=\"St_Patricks_Parade_Dublin_2014_Leathers\" width=\"1024\" height=\"577\" class=\"alignnone size-full wp-image-493\" srcset=\"https:\/\/igor.stojakovic.net\/wp-content\/uploads\/2014\/03\/St_Patricks_Parade_Dublin_2014_Leathers.jpg 1024w, https:\/\/igor.stojakovic.net\/wp-content\/uploads\/2014\/03\/St_Patricks_Parade_Dublin_2014_Leathers-300x169.jpg 300w\" sizes=\"auto, (max-width: 1024px) 100vw, 1024px\" \/><\/p>\n<p>Mi smo se gu\u017evali tu nekih sati\u0107 vremena&#8230;<\/p>\n<p><img loading=\"lazy\" decoding=\"async\" data-attachment-id=\"492\" data-permalink=\"https:\/\/igor.stojakovic.net\/hr\/proslava-festivala-sv-patrika-u-dublinu-14-03-17-03-2014\/st_patricks_parade_dublin_2014_4\/\" data-orig-file=\"https:\/\/igor.stojakovic.net\/wp-content\/uploads\/2014\/03\/St_Patricks_Parade_Dublin_2014_4.jpg\" data-orig-size=\"1024,577\" data-comments-opened=\"0\" data-image-meta=\"{&quot;aperture&quot;:&quot;0&quot;,&quot;credit&quot;:&quot;&quot;,&quot;camera&quot;:&quot;&quot;,&quot;caption&quot;:&quot;&quot;,&quot;created_timestamp&quot;:&quot;0&quot;,&quot;copyright&quot;:&quot;&quot;,&quot;focal_length&quot;:&quot;0&quot;,&quot;iso&quot;:&quot;0&quot;,&quot;shutter_speed&quot;:&quot;0&quot;,&quot;title&quot;:&quot;&quot;}\" data-image-title=\"St_Patricks_Parade_Dublin_2014_4\" data-image-description=\"\" data-image-caption=\"\" data-medium-file=\"https:\/\/igor.stojakovic.net\/wp-content\/uploads\/2014\/03\/St_Patricks_Parade_Dublin_2014_4-300x169.jpg\" data-large-file=\"https:\/\/igor.stojakovic.net\/wp-content\/uploads\/2014\/03\/St_Patricks_Parade_Dublin_2014_4.jpg\" src=\"http:\/\/igor.stojakovic.net\/wp-content\/uploads\/2014\/03\/St_Patricks_Parade_Dublin_2014_4.jpg\" alt=\"St_Patricks_Parade_Dublin_2014_4\" width=\"1024\" height=\"577\" class=\"alignnone size-full wp-image-492\" srcset=\"https:\/\/igor.stojakovic.net\/wp-content\/uploads\/2014\/03\/St_Patricks_Parade_Dublin_2014_4.jpg 1024w, https:\/\/igor.stojakovic.net\/wp-content\/uploads\/2014\/03\/St_Patricks_Parade_Dublin_2014_4-300x169.jpg 300w\" sizes=\"auto, (max-width: 1024px) 100vw, 1024px\" \/><\/p>\n<p><img loading=\"lazy\" decoding=\"async\" data-attachment-id=\"491\" data-permalink=\"https:\/\/igor.stojakovic.net\/hr\/proslava-festivala-sv-patrika-u-dublinu-14-03-17-03-2014\/st_patricks_parade_dublin_2014_3\/\" data-orig-file=\"https:\/\/igor.stojakovic.net\/wp-content\/uploads\/2014\/03\/St_Patricks_Parade_Dublin_2014_3.jpg\" data-orig-size=\"1024,577\" data-comments-opened=\"0\" data-image-meta=\"{&quot;aperture&quot;:&quot;0&quot;,&quot;credit&quot;:&quot;&quot;,&quot;camera&quot;:&quot;&quot;,&quot;caption&quot;:&quot;&quot;,&quot;created_timestamp&quot;:&quot;0&quot;,&quot;copyright&quot;:&quot;&quot;,&quot;focal_length&quot;:&quot;0&quot;,&quot;iso&quot;:&quot;0&quot;,&quot;shutter_speed&quot;:&quot;0&quot;,&quot;title&quot;:&quot;&quot;}\" data-image-title=\"St_Patricks_Parade_Dublin_2014_3\" data-image-description=\"\" data-image-caption=\"\" data-medium-file=\"https:\/\/igor.stojakovic.net\/wp-content\/uploads\/2014\/03\/St_Patricks_Parade_Dublin_2014_3-300x169.jpg\" data-large-file=\"https:\/\/igor.stojakovic.net\/wp-content\/uploads\/2014\/03\/St_Patricks_Parade_Dublin_2014_3.jpg\" src=\"http:\/\/igor.stojakovic.net\/wp-content\/uploads\/2014\/03\/St_Patricks_Parade_Dublin_2014_3.jpg\" alt=\"St_Patricks_Parade_Dublin_2014_3\" width=\"1024\" height=\"577\" class=\"alignnone size-full wp-image-491\" srcset=\"https:\/\/igor.stojakovic.net\/wp-content\/uploads\/2014\/03\/St_Patricks_Parade_Dublin_2014_3.jpg 1024w, https:\/\/igor.stojakovic.net\/wp-content\/uploads\/2014\/03\/St_Patricks_Parade_Dublin_2014_3-300x169.jpg 300w\" sizes=\"auto, (max-width: 1024px) 100vw, 1024px\" \/><\/p>\n<p><img loading=\"lazy\" decoding=\"async\" data-attachment-id=\"490\" data-permalink=\"https:\/\/igor.stojakovic.net\/hr\/proslava-festivala-sv-patrika-u-dublinu-14-03-17-03-2014\/st_patricks_parade_dublin_2014_2\/\" data-orig-file=\"https:\/\/igor.stojakovic.net\/wp-content\/uploads\/2014\/03\/St_Patricks_Parade_Dublin_2014_2.jpg\" data-orig-size=\"1024,577\" data-comments-opened=\"0\" data-image-meta=\"{&quot;aperture&quot;:&quot;0&quot;,&quot;credit&quot;:&quot;&quot;,&quot;camera&quot;:&quot;&quot;,&quot;caption&quot;:&quot;&quot;,&quot;created_timestamp&quot;:&quot;0&quot;,&quot;copyright&quot;:&quot;&quot;,&quot;focal_length&quot;:&quot;0&quot;,&quot;iso&quot;:&quot;0&quot;,&quot;shutter_speed&quot;:&quot;0&quot;,&quot;title&quot;:&quot;&quot;}\" data-image-title=\"St_Patricks_Parade_Dublin_2014_2\" data-image-description=\"\" data-image-caption=\"\" data-medium-file=\"https:\/\/igor.stojakovic.net\/wp-content\/uploads\/2014\/03\/St_Patricks_Parade_Dublin_2014_2-300x169.jpg\" data-large-file=\"https:\/\/igor.stojakovic.net\/wp-content\/uploads\/2014\/03\/St_Patricks_Parade_Dublin_2014_2.jpg\" src=\"http:\/\/igor.stojakovic.net\/wp-content\/uploads\/2014\/03\/St_Patricks_Parade_Dublin_2014_2.jpg\" alt=\"St_Patricks_Parade_Dublin_2014_2\" width=\"1024\" height=\"577\" class=\"alignnone size-full wp-image-490\" srcset=\"https:\/\/igor.stojakovic.net\/wp-content\/uploads\/2014\/03\/St_Patricks_Parade_Dublin_2014_2.jpg 1024w, https:\/\/igor.stojakovic.net\/wp-content\/uploads\/2014\/03\/St_Patricks_Parade_Dublin_2014_2-300x169.jpg 300w\" sizes=\"auto, (max-width: 1024px) 100vw, 1024px\" \/><\/p>\n<p>&#8230; pa se zaputili na Croke Park! Prekrasan Croke Park!<\/p>\n<p><img loading=\"lazy\" decoding=\"async\" data-attachment-id=\"468\" data-permalink=\"https:\/\/igor.stojakovic.net\/hr\/proslava-festivala-sv-patrika-u-dublinu-14-03-17-03-2014\/croke_park_gaa_finals_on_st_patriks_day\/\" data-orig-file=\"https:\/\/igor.stojakovic.net\/wp-content\/uploads\/2014\/03\/Croke_Park_GAA_Finals_On_St_Patriks_Day.jpg\" data-orig-size=\"1024,577\" data-comments-opened=\"0\" data-image-meta=\"{&quot;aperture&quot;:&quot;0&quot;,&quot;credit&quot;:&quot;&quot;,&quot;camera&quot;:&quot;&quot;,&quot;caption&quot;:&quot;&quot;,&quot;created_timestamp&quot;:&quot;0&quot;,&quot;copyright&quot;:&quot;&quot;,&quot;focal_length&quot;:&quot;0&quot;,&quot;iso&quot;:&quot;0&quot;,&quot;shutter_speed&quot;:&quot;0&quot;,&quot;title&quot;:&quot;&quot;}\" data-image-title=\"Croke_Park_GAA_Finals_On_St_Patriks_Day\" data-image-description=\"\" data-image-caption=\"\" data-medium-file=\"https:\/\/igor.stojakovic.net\/wp-content\/uploads\/2014\/03\/Croke_Park_GAA_Finals_On_St_Patriks_Day-300x169.jpg\" data-large-file=\"https:\/\/igor.stojakovic.net\/wp-content\/uploads\/2014\/03\/Croke_Park_GAA_Finals_On_St_Patriks_Day.jpg\" src=\"http:\/\/igor.stojakovic.net\/wp-content\/uploads\/2014\/03\/Croke_Park_GAA_Finals_On_St_Patriks_Day.jpg\" alt=\"Croke_Park_GAA_Finals_On_St_Patriks_Day\" width=\"1024\" height=\"577\" class=\"alignnone size-full wp-image-468\" srcset=\"https:\/\/igor.stojakovic.net\/wp-content\/uploads\/2014\/03\/Croke_Park_GAA_Finals_On_St_Patriks_Day.jpg 1024w, https:\/\/igor.stojakovic.net\/wp-content\/uploads\/2014\/03\/Croke_Park_GAA_Finals_On_St_Patriks_Day-300x169.jpg 300w\" sizes=\"auto, (max-width: 1024px) 100vw, 1024px\" \/><\/p>\n<p>Da, osim ragbija, piva, parade, veslanja, milijuna ljudi na ulicama na Croke Parku se na sv. Patrika odr\u017eavaju finala u Irskim sportovima.<\/p>\n<p>Ipak, njima \u0107u posvetiti jedan drugi post! \ud83d\ude42<\/p>\n<p>Nakon finala, povratak u centar, ru\u010dak pa jo\u0161 na par piva i provjeru stanja u Temple baru.<\/p>\n<p>Naravno, bilo je to jo\u0161 jedna luda no\u0107\u2026 <\/p>\n<p>S obzirom da smo morali na posao u utorak, mi smo se povukli pravovremeno&#8230; Me\u0111utim, \u010dini se da ve\u0107ina izgleda nije \u017eurila na posao. \ud83d\ude42<\/p>\n<p><img loading=\"lazy\" decoding=\"async\" data-attachment-id=\"496\" data-permalink=\"https:\/\/igor.stojakovic.net\/hr\/proslava-festivala-sv-patrika-u-dublinu-14-03-17-03-2014\/temple_bar_on_st_patricks_day\/\" data-orig-file=\"https:\/\/igor.stojakovic.net\/wp-content\/uploads\/2014\/03\/Temple_Bar_On_St_Patricks_Day.jpg\" data-orig-size=\"1024,577\" data-comments-opened=\"0\" data-image-meta=\"{&quot;aperture&quot;:&quot;0&quot;,&quot;credit&quot;:&quot;&quot;,&quot;camera&quot;:&quot;&quot;,&quot;caption&quot;:&quot;&quot;,&quot;created_timestamp&quot;:&quot;0&quot;,&quot;copyright&quot;:&quot;&quot;,&quot;focal_length&quot;:&quot;0&quot;,&quot;iso&quot;:&quot;0&quot;,&quot;shutter_speed&quot;:&quot;0&quot;,&quot;title&quot;:&quot;&quot;}\" data-image-title=\"Temple_Bar_On_St_Patricks_Day\" data-image-description=\"\" data-image-caption=\"\" data-medium-file=\"https:\/\/igor.stojakovic.net\/wp-content\/uploads\/2014\/03\/Temple_Bar_On_St_Patricks_Day-300x169.jpg\" data-large-file=\"https:\/\/igor.stojakovic.net\/wp-content\/uploads\/2014\/03\/Temple_Bar_On_St_Patricks_Day.jpg\" src=\"http:\/\/igor.stojakovic.net\/wp-content\/uploads\/2014\/03\/Temple_Bar_On_St_Patricks_Day.jpg\" alt=\"Temple_Bar_On_St_Patricks_Day\" width=\"1024\" height=\"577\" class=\"alignnone size-full wp-image-496\" srcset=\"https:\/\/igor.stojakovic.net\/wp-content\/uploads\/2014\/03\/Temple_Bar_On_St_Patricks_Day.jpg 1024w, https:\/\/igor.stojakovic.net\/wp-content\/uploads\/2014\/03\/Temple_Bar_On_St_Patricks_Day-300x169.jpg 300w\" sizes=\"auto, (max-width: 1024px) 100vw, 1024px\" \/><\/p>\n<p><img loading=\"lazy\" decoding=\"async\" data-attachment-id=\"495\" data-permalink=\"https:\/\/igor.stojakovic.net\/hr\/proslava-festivala-sv-patrika-u-dublinu-14-03-17-03-2014\/temple_bar_on_st_patricks_day_2\/\" data-orig-file=\"https:\/\/igor.stojakovic.net\/wp-content\/uploads\/2014\/03\/Temple_Bar_On_St_Patricks_Day_2.jpg\" data-orig-size=\"1024,577\" data-comments-opened=\"0\" data-image-meta=\"{&quot;aperture&quot;:&quot;0&quot;,&quot;credit&quot;:&quot;&quot;,&quot;camera&quot;:&quot;&quot;,&quot;caption&quot;:&quot;&quot;,&quot;created_timestamp&quot;:&quot;0&quot;,&quot;copyright&quot;:&quot;&quot;,&quot;focal_length&quot;:&quot;0&quot;,&quot;iso&quot;:&quot;0&quot;,&quot;shutter_speed&quot;:&quot;0&quot;,&quot;title&quot;:&quot;&quot;}\" data-image-title=\"Temple_Bar_On_St_Patricks_Day_2\" data-image-description=\"\" data-image-caption=\"\" data-medium-file=\"https:\/\/igor.stojakovic.net\/wp-content\/uploads\/2014\/03\/Temple_Bar_On_St_Patricks_Day_2-300x169.jpg\" data-large-file=\"https:\/\/igor.stojakovic.net\/wp-content\/uploads\/2014\/03\/Temple_Bar_On_St_Patricks_Day_2.jpg\" src=\"http:\/\/igor.stojakovic.net\/wp-content\/uploads\/2014\/03\/Temple_Bar_On_St_Patricks_Day_2.jpg\" alt=\"Temple_Bar_On_St_Patricks_Day_2\" width=\"1024\" height=\"577\" class=\"alignnone size-full wp-image-495\" srcset=\"https:\/\/igor.stojakovic.net\/wp-content\/uploads\/2014\/03\/Temple_Bar_On_St_Patricks_Day_2.jpg 1024w, https:\/\/igor.stojakovic.net\/wp-content\/uploads\/2014\/03\/Temple_Bar_On_St_Patricks_Day_2-300x169.jpg 300w\" sizes=\"auto, (max-width: 1024px) 100vw, 1024px\" \/><\/p>\n<p>Uglavnom, proslava sv. Patrika je jedan od najbitnijih irskih praznika koje bi svakako trebalo vidjeti. Ipak, odlu\u010dite li se, pripremite podebljane nov\u010danike, s obzirom da su cijene piva u centru na naglo sko\u010dile sa 4.20\u20ac na 7\u20ac.<\/p>\n<p>Upozoreni ste! \ud83d\ude42<\/p>\n<p>E da, ako ste stigli do ovdje, obe\u0107ao sam neke slike na po\u010detku teksta, jel tako? Dakle, za sv. Patrika Dublin postaje zelen. Mnoge poznate zgrade, restorani, pubovi i sve ostalo \u0161to mo\u017ee postaje &#8211; zeleno!<\/p>\n<p><img loading=\"lazy\" decoding=\"async\" data-attachment-id=\"479\" data-permalink=\"https:\/\/igor.stojakovic.net\/hr\/proslava-festivala-sv-patrika-u-dublinu-14-03-17-03-2014\/green_clock\/\" data-orig-file=\"https:\/\/igor.stojakovic.net\/wp-content\/uploads\/2014\/03\/Green_clock.jpg\" data-orig-size=\"705,1024\" data-comments-opened=\"0\" data-image-meta=\"{&quot;aperture&quot;:&quot;0&quot;,&quot;credit&quot;:&quot;&quot;,&quot;camera&quot;:&quot;&quot;,&quot;caption&quot;:&quot;&quot;,&quot;created_timestamp&quot;:&quot;0&quot;,&quot;copyright&quot;:&quot;&quot;,&quot;focal_length&quot;:&quot;0&quot;,&quot;iso&quot;:&quot;0&quot;,&quot;shutter_speed&quot;:&quot;0&quot;,&quot;title&quot;:&quot;&quot;}\" data-image-title=\"Green_clock\" data-image-description=\"\" data-image-caption=\"\" data-medium-file=\"https:\/\/igor.stojakovic.net\/wp-content\/uploads\/2014\/03\/Green_clock-206x300.jpg\" data-large-file=\"https:\/\/igor.stojakovic.net\/wp-content\/uploads\/2014\/03\/Green_clock.jpg\" src=\"http:\/\/igor.stojakovic.net\/wp-content\/uploads\/2014\/03\/Green_clock.jpg\" alt=\"Green_clock\" width=\"705\" height=\"1024\" class=\"alignnone size-full wp-image-479\" srcset=\"https:\/\/igor.stojakovic.net\/wp-content\/uploads\/2014\/03\/Green_clock.jpg 705w, https:\/\/igor.stojakovic.net\/wp-content\/uploads\/2014\/03\/Green_clock-206x300.jpg 206w\" sizes=\"auto, (max-width: 705px) 100vw, 705px\" \/><\/p>\n<p><img loading=\"lazy\" decoding=\"async\" data-attachment-id=\"478\" data-permalink=\"https:\/\/igor.stojakovic.net\/hr\/proslava-festivala-sv-patrika-u-dublinu-14-03-17-03-2014\/dublin_gone_green_trinity\/\" data-orig-file=\"https:\/\/igor.stojakovic.net\/wp-content\/uploads\/2014\/03\/Dublin_Gone_Green_Trinity.jpg\" data-orig-size=\"1024,577\" data-comments-opened=\"0\" data-image-meta=\"{&quot;aperture&quot;:&quot;0&quot;,&quot;credit&quot;:&quot;&quot;,&quot;camera&quot;:&quot;&quot;,&quot;caption&quot;:&quot;&quot;,&quot;created_timestamp&quot;:&quot;0&quot;,&quot;copyright&quot;:&quot;&quot;,&quot;focal_length&quot;:&quot;0&quot;,&quot;iso&quot;:&quot;0&quot;,&quot;shutter_speed&quot;:&quot;0&quot;,&quot;title&quot;:&quot;&quot;}\" data-image-title=\"Dublin_Gone_Green_Trinity\" data-image-description=\"\" data-image-caption=\"\" data-medium-file=\"https:\/\/igor.stojakovic.net\/wp-content\/uploads\/2014\/03\/Dublin_Gone_Green_Trinity-300x169.jpg\" data-large-file=\"https:\/\/igor.stojakovic.net\/wp-content\/uploads\/2014\/03\/Dublin_Gone_Green_Trinity.jpg\" src=\"http:\/\/igor.stojakovic.net\/wp-content\/uploads\/2014\/03\/Dublin_Gone_Green_Trinity.jpg\" alt=\"Dublin_Gone_Green_Trinity\" width=\"1024\" height=\"577\" class=\"alignnone size-full wp-image-478\" srcset=\"https:\/\/igor.stojakovic.net\/wp-content\/uploads\/2014\/03\/Dublin_Gone_Green_Trinity.jpg 1024w, https:\/\/igor.stojakovic.net\/wp-content\/uploads\/2014\/03\/Dublin_Gone_Green_Trinity-300x169.jpg 300w\" sizes=\"auto, (max-width: 1024px) 100vw, 1024px\" \/><\/p>\n<p><img loading=\"lazy\" decoding=\"async\" data-attachment-id=\"477\" data-permalink=\"https:\/\/igor.stojakovic.net\/hr\/proslava-festivala-sv-patrika-u-dublinu-14-03-17-03-2014\/dublin_gone_green_stephens_green\/\" data-orig-file=\"https:\/\/igor.stojakovic.net\/wp-content\/uploads\/2014\/03\/Dublin_Gone_Green_Stephens_Green.jpg\" data-orig-size=\"1024,577\" data-comments-opened=\"0\" data-image-meta=\"{&quot;aperture&quot;:&quot;0&quot;,&quot;credit&quot;:&quot;&quot;,&quot;camera&quot;:&quot;&quot;,&quot;caption&quot;:&quot;&quot;,&quot;created_timestamp&quot;:&quot;0&quot;,&quot;copyright&quot;:&quot;&quot;,&quot;focal_length&quot;:&quot;0&quot;,&quot;iso&quot;:&quot;0&quot;,&quot;shutter_speed&quot;:&quot;0&quot;,&quot;title&quot;:&quot;&quot;}\" data-image-title=\"Dublin_Gone_Green_Stephens_Green\" data-image-description=\"\" data-image-caption=\"\" data-medium-file=\"https:\/\/igor.stojakovic.net\/wp-content\/uploads\/2014\/03\/Dublin_Gone_Green_Stephens_Green-300x169.jpg\" data-large-file=\"https:\/\/igor.stojakovic.net\/wp-content\/uploads\/2014\/03\/Dublin_Gone_Green_Stephens_Green.jpg\" src=\"http:\/\/igor.stojakovic.net\/wp-content\/uploads\/2014\/03\/Dublin_Gone_Green_Stephens_Green.jpg\" alt=\"Dublin_Gone_Green_Stephens_Green\" width=\"1024\" height=\"577\" class=\"alignnone size-full wp-image-477\" srcset=\"https:\/\/igor.stojakovic.net\/wp-content\/uploads\/2014\/03\/Dublin_Gone_Green_Stephens_Green.jpg 1024w, https:\/\/igor.stojakovic.net\/wp-content\/uploads\/2014\/03\/Dublin_Gone_Green_Stephens_Green-300x169.jpg 300w\" sizes=\"auto, (max-width: 1024px) 100vw, 1024px\" \/><\/p>\n<p><img loading=\"lazy\" decoding=\"async\" data-attachment-id=\"476\" data-permalink=\"https:\/\/igor.stojakovic.net\/hr\/proslava-festivala-sv-patrika-u-dublinu-14-03-17-03-2014\/dublin_gone_green_somebuilding\/\" data-orig-file=\"https:\/\/igor.stojakovic.net\/wp-content\/uploads\/2014\/03\/Dublin_Gone_Green_SomeBuilding.jpg\" data-orig-size=\"1024,577\" data-comments-opened=\"0\" data-image-meta=\"{&quot;aperture&quot;:&quot;0&quot;,&quot;credit&quot;:&quot;&quot;,&quot;camera&quot;:&quot;&quot;,&quot;caption&quot;:&quot;&quot;,&quot;created_timestamp&quot;:&quot;0&quot;,&quot;copyright&quot;:&quot;&quot;,&quot;focal_length&quot;:&quot;0&quot;,&quot;iso&quot;:&quot;0&quot;,&quot;shutter_speed&quot;:&quot;0&quot;,&quot;title&quot;:&quot;&quot;}\" data-image-title=\"Dublin_Gone_Green_SomeBuilding\" data-image-description=\"\" data-image-caption=\"\" data-medium-file=\"https:\/\/igor.stojakovic.net\/wp-content\/uploads\/2014\/03\/Dublin_Gone_Green_SomeBuilding-300x169.jpg\" data-large-file=\"https:\/\/igor.stojakovic.net\/wp-content\/uploads\/2014\/03\/Dublin_Gone_Green_SomeBuilding.jpg\" src=\"http:\/\/igor.stojakovic.net\/wp-content\/uploads\/2014\/03\/Dublin_Gone_Green_SomeBuilding.jpg\" alt=\"Dublin_Gone_Green_SomeBuilding\" width=\"1024\" height=\"577\" class=\"alignnone size-full wp-image-476\" srcset=\"https:\/\/igor.stojakovic.net\/wp-content\/uploads\/2014\/03\/Dublin_Gone_Green_SomeBuilding.jpg 1024w, https:\/\/igor.stojakovic.net\/wp-content\/uploads\/2014\/03\/Dublin_Gone_Green_SomeBuilding-300x169.jpg 300w\" sizes=\"auto, (max-width: 1024px) 100vw, 1024px\" \/><\/p>\n<p><img loading=\"lazy\" decoding=\"async\" data-attachment-id=\"475\" data-permalink=\"https:\/\/igor.stojakovic.net\/hr\/proslava-festivala-sv-patrika-u-dublinu-14-03-17-03-2014\/dublin_gone_green_grafton_street\/\" data-orig-file=\"https:\/\/igor.stojakovic.net\/wp-content\/uploads\/2014\/03\/Dublin_Gone_Green_Grafton_Street.jpg\" data-orig-size=\"1024,577\" data-comments-opened=\"0\" data-image-meta=\"{&quot;aperture&quot;:&quot;0&quot;,&quot;credit&quot;:&quot;&quot;,&quot;camera&quot;:&quot;&quot;,&quot;caption&quot;:&quot;&quot;,&quot;created_timestamp&quot;:&quot;0&quot;,&quot;copyright&quot;:&quot;&quot;,&quot;focal_length&quot;:&quot;0&quot;,&quot;iso&quot;:&quot;0&quot;,&quot;shutter_speed&quot;:&quot;0&quot;,&quot;title&quot;:&quot;&quot;}\" data-image-title=\"Dublin_Gone_Green_Grafton_Street\" data-image-description=\"\" data-image-caption=\"\" data-medium-file=\"https:\/\/igor.stojakovic.net\/wp-content\/uploads\/2014\/03\/Dublin_Gone_Green_Grafton_Street-300x169.jpg\" data-large-file=\"https:\/\/igor.stojakovic.net\/wp-content\/uploads\/2014\/03\/Dublin_Gone_Green_Grafton_Street.jpg\" src=\"http:\/\/igor.stojakovic.net\/wp-content\/uploads\/2014\/03\/Dublin_Gone_Green_Grafton_Street.jpg\" alt=\"Dublin_Gone_Green_Grafton_Street\" width=\"1024\" height=\"577\" class=\"alignnone size-full wp-image-475\" srcset=\"https:\/\/igor.stojakovic.net\/wp-content\/uploads\/2014\/03\/Dublin_Gone_Green_Grafton_Street.jpg 1024w, https:\/\/igor.stojakovic.net\/wp-content\/uploads\/2014\/03\/Dublin_Gone_Green_Grafton_Street-300x169.jpg 300w\" sizes=\"auto, (max-width: 1024px) 100vw, 1024px\" \/><\/p>\n<p><img loading=\"lazy\" decoding=\"async\" data-attachment-id=\"474\" data-permalink=\"https:\/\/igor.stojakovic.net\/hr\/proslava-festivala-sv-patrika-u-dublinu-14-03-17-03-2014\/dublin_gone_green_dublin_castle\/\" data-orig-file=\"https:\/\/igor.stojakovic.net\/wp-content\/uploads\/2014\/03\/Dublin_Gone_Green_Dublin_Castle.jpg\" data-orig-size=\"1024,577\" data-comments-opened=\"0\" data-image-meta=\"{&quot;aperture&quot;:&quot;0&quot;,&quot;credit&quot;:&quot;&quot;,&quot;camera&quot;:&quot;&quot;,&quot;caption&quot;:&quot;&quot;,&quot;created_timestamp&quot;:&quot;0&quot;,&quot;copyright&quot;:&quot;&quot;,&quot;focal_length&quot;:&quot;0&quot;,&quot;iso&quot;:&quot;0&quot;,&quot;shutter_speed&quot;:&quot;0&quot;,&quot;title&quot;:&quot;&quot;}\" data-image-title=\"Dublin_Gone_Green_Dublin_Castle\" data-image-description=\"\" data-image-caption=\"\" data-medium-file=\"https:\/\/igor.stojakovic.net\/wp-content\/uploads\/2014\/03\/Dublin_Gone_Green_Dublin_Castle-300x169.jpg\" data-large-file=\"https:\/\/igor.stojakovic.net\/wp-content\/uploads\/2014\/03\/Dublin_Gone_Green_Dublin_Castle.jpg\" src=\"http:\/\/igor.stojakovic.net\/wp-content\/uploads\/2014\/03\/Dublin_Gone_Green_Dublin_Castle.jpg\" alt=\"Dublin_Gone_Green_Dublin_Castle\" width=\"1024\" height=\"577\" class=\"alignnone size-full wp-image-474\" srcset=\"https:\/\/igor.stojakovic.net\/wp-content\/uploads\/2014\/03\/Dublin_Gone_Green_Dublin_Castle.jpg 1024w, https:\/\/igor.stojakovic.net\/wp-content\/uploads\/2014\/03\/Dublin_Gone_Green_Dublin_Castle-300x169.jpg 300w\" sizes=\"auto, (max-width: 1024px) 100vw, 1024px\" \/><\/p>\n<p><img loading=\"lazy\" decoding=\"async\" data-attachment-id=\"473\" data-permalink=\"https:\/\/igor.stojakovic.net\/hr\/proslava-festivala-sv-patrika-u-dublinu-14-03-17-03-2014\/dublin_gone_green_city_hall\/\" data-orig-file=\"https:\/\/igor.stojakovic.net\/wp-content\/uploads\/2014\/03\/Dublin_Gone_Green_City_Hall.jpg\" data-orig-size=\"1024,577\" data-comments-opened=\"0\" data-image-meta=\"{&quot;aperture&quot;:&quot;0&quot;,&quot;credit&quot;:&quot;&quot;,&quot;camera&quot;:&quot;&quot;,&quot;caption&quot;:&quot;&quot;,&quot;created_timestamp&quot;:&quot;0&quot;,&quot;copyright&quot;:&quot;&quot;,&quot;focal_length&quot;:&quot;0&quot;,&quot;iso&quot;:&quot;0&quot;,&quot;shutter_speed&quot;:&quot;0&quot;,&quot;title&quot;:&quot;&quot;}\" data-image-title=\"Dublin_Gone_Green_City_Hall\" data-image-description=\"\" data-image-caption=\"\" data-medium-file=\"https:\/\/igor.stojakovic.net\/wp-content\/uploads\/2014\/03\/Dublin_Gone_Green_City_Hall-300x169.jpg\" data-large-file=\"https:\/\/igor.stojakovic.net\/wp-content\/uploads\/2014\/03\/Dublin_Gone_Green_City_Hall.jpg\" src=\"http:\/\/igor.stojakovic.net\/wp-content\/uploads\/2014\/03\/Dublin_Gone_Green_City_Hall.jpg\" alt=\"Dublin_Gone_Green_City_Hall\" width=\"1024\" height=\"577\" class=\"alignnone size-full wp-image-473\" srcset=\"https:\/\/igor.stojakovic.net\/wp-content\/uploads\/2014\/03\/Dublin_Gone_Green_City_Hall.jpg 1024w, https:\/\/igor.stojakovic.net\/wp-content\/uploads\/2014\/03\/Dublin_Gone_Green_City_Hall-300x169.jpg 300w\" sizes=\"auto, (max-width: 1024px) 100vw, 1024px\" \/><\/p>\n<p><img loading=\"lazy\" decoding=\"async\" data-attachment-id=\"472\" data-permalink=\"https:\/\/igor.stojakovic.net\/hr\/proslava-festivala-sv-patrika-u-dublinu-14-03-17-03-2014\/dublin_gone_green_bank\/\" data-orig-file=\"https:\/\/igor.stojakovic.net\/wp-content\/uploads\/2014\/03\/Dublin_Gone_Green_Bank.jpg\" data-orig-size=\"1024,577\" data-comments-opened=\"0\" data-image-meta=\"{&quot;aperture&quot;:&quot;0&quot;,&quot;credit&quot;:&quot;&quot;,&quot;camera&quot;:&quot;&quot;,&quot;caption&quot;:&quot;&quot;,&quot;created_timestamp&quot;:&quot;0&quot;,&quot;copyright&quot;:&quot;&quot;,&quot;focal_length&quot;:&quot;0&quot;,&quot;iso&quot;:&quot;0&quot;,&quot;shutter_speed&quot;:&quot;0&quot;,&quot;title&quot;:&quot;&quot;}\" data-image-title=\"Dublin_Gone_Green_Bank\" data-image-description=\"\" data-image-caption=\"\" data-medium-file=\"https:\/\/igor.stojakovic.net\/wp-content\/uploads\/2014\/03\/Dublin_Gone_Green_Bank-300x169.jpg\" data-large-file=\"https:\/\/igor.stojakovic.net\/wp-content\/uploads\/2014\/03\/Dublin_Gone_Green_Bank.jpg\" src=\"http:\/\/igor.stojakovic.net\/wp-content\/uploads\/2014\/03\/Dublin_Gone_Green_Bank.jpg\" alt=\"Dublin_Gone_Green_Bank\" width=\"1024\" height=\"577\" class=\"alignnone size-full wp-image-472\" srcset=\"https:\/\/igor.stojakovic.net\/wp-content\/uploads\/2014\/03\/Dublin_Gone_Green_Bank.jpg 1024w, https:\/\/igor.stojakovic.net\/wp-content\/uploads\/2014\/03\/Dublin_Gone_Green_Bank-300x169.jpg 300w\" sizes=\"auto, (max-width: 1024px) 100vw, 1024px\" \/><\/p>\n<p>No to je zelenilo toliko sna\u017eno i popularno da izgleda da na sv. Patrika cijela kugla zemaljska postaje zelena! <\/p>\n<p><img loading=\"lazy\" decoding=\"async\" data-attachment-id=\"505\" data-permalink=\"https:\/\/igor.stojakovic.net\/hr\/proslava-festivala-sv-patrika-u-dublinu-14-03-17-03-2014\/irish_planet_earth_2014\/\" data-orig-file=\"https:\/\/igor.stojakovic.net\/wp-content\/uploads\/2014\/03\/Irish_Planet_Earth_2014.jpg\" data-orig-size=\"853,1024\" data-comments-opened=\"0\" data-image-meta=\"{&quot;aperture&quot;:&quot;0&quot;,&quot;credit&quot;:&quot;&quot;,&quot;camera&quot;:&quot;&quot;,&quot;caption&quot;:&quot;&quot;,&quot;created_timestamp&quot;:&quot;0&quot;,&quot;copyright&quot;:&quot;&quot;,&quot;focal_length&quot;:&quot;0&quot;,&quot;iso&quot;:&quot;0&quot;,&quot;shutter_speed&quot;:&quot;0&quot;,&quot;title&quot;:&quot;&quot;}\" data-image-title=\"Irish_Planet_Earth_2014\" data-image-description=\"\" data-image-caption=\"\" data-medium-file=\"https:\/\/igor.stojakovic.net\/wp-content\/uploads\/2014\/03\/Irish_Planet_Earth_2014-249x300.jpg\" data-large-file=\"https:\/\/igor.stojakovic.net\/wp-content\/uploads\/2014\/03\/Irish_Planet_Earth_2014.jpg\" src=\"http:\/\/igor.stojakovic.net\/wp-content\/uploads\/2014\/03\/Irish_Planet_Earth_2014.jpg\" alt=\"Irish_Planet_Earth_2014\" width=\"853\" height=\"1024\" class=\"alignnone size-full wp-image-505\" srcset=\"https:\/\/igor.stojakovic.net\/wp-content\/uploads\/2014\/03\/Irish_Planet_Earth_2014.jpg 853w, https:\/\/igor.stojakovic.net\/wp-content\/uploads\/2014\/03\/Irish_Planet_Earth_2014-249x300.jpg 249w\" sizes=\"auto, (max-width: 853px) 100vw, 853px\" \/><\/p>\n<p>Zato dogodine, do\u0111ite u Dublin i ponesite ne\u0161to &#8220;zeleno&#8221; sa sobom! ($$) :))<\/p>\n<p>Do idu\u0107e zgode\u2026<\/p>\n<p>Balky.<br \/>\n<\/p>","protected":false},"excerpt":{"rendered":"<p>Evo, samo da vam javim da smo \u017eivi i zdravi i da je prva proslava sv. Patrika u Dublinu pro\u0161la sasvim OK. \ud83d\ude42 Dobro, jest da je pro\u0161lo ve\u0107 skoro dva puna tjedna od onda, ali na poslu mi se slo\u017eio lu\u0111a\u010dki tjedan, imali smo goste, a i o\u010dito mi je vrijeme oporavka du\u017ee nego&#8230;<\/p>\n","protected":false},"author":1,"featured_media":489,"comment_status":"closed","ping_status":"open","sticky":false,"template":"","format":"standard","meta":{"jetpack_post_was_ever_published":false,"_jetpack_newsletter_access":"","_jetpack_dont_email_post_to_subs":false,"_jetpack_newsletter_tier_id":0,"_jetpack_memberships_contains_paywalled_content":false,"_jetpack_memberships_contains_paid_content":false,"footnotes":"","jetpack_publicize_message":"","jetpack_publicize_feature_enabled":true,"jetpack_social_post_already_shared":true,"jetpack_social_options":{"image_generator_settings":{"template":"highway","enabled":false},"version":2}},"categories":[6],"tags":[8],"class_list":["post-467","post","type-post","status-publish","format-standard","has-post-thumbnail","hentry","category-ireland","tag-ie"],"yoast_head":"<!-- This site is optimized with the Yoast SEO plugin v25.1 - https:\/\/yoast.com\/wordpress\/plugins\/seo\/ -->\n<title>Proslava festivala sv. Patrika u Dublinu (14.03.-17.03.2014.)Celebration of St. Patrick&#039;s Festival in Dublin (14.03.-17.03.2014) - Igor<\/title>\n<meta name=\"robots\" content=\"index, follow, max-snippet:-1, max-image-preview:large, max-video-preview:-1\" \/>\n<link rel=\"canonical\" href=\"https:\/\/igor.stojakovic.net\/en\/celebration-of-the-st-patricks-festival-in-dublin-14-03-17-03-2014\/\" \/>\n<meta property=\"og:locale\" content=\"hr_HR\" \/>\n<meta property=\"og:type\" content=\"article\" \/>\n<meta property=\"og:title\" content=\"Proslava festivala sv. Patrika u Dublinu (14.03.-17.03.2014.)Celebration of St. Patrick&#039;s Festival in Dublin (14.03.-17.03.2014) - Igor\" \/>\n<meta property=\"og:description\" content=\"Evo, samo da vam javim da smo \u017eivi i zdravi i da je prva proslava sv. Patrika u Dublinu pro\u0161la sasvim OK. \ud83d\ude42 Dobro, jest da je pro\u0161lo ve\u0107 skoro dva puna tjedna od onda, ali na poslu mi se slo\u017eio lu\u0111a\u010dki tjedan, imali smo goste, a i o\u010dito mi je vrijeme oporavka du\u017ee nego...\" \/>\n<meta property=\"og:url\" content=\"https:\/\/igor.stojakovic.net\/en\/celebration-of-the-st-patricks-festival-in-dublin-14-03-17-03-2014\/\" \/>\n<meta property=\"og:site_name\" content=\"Igor\" \/>\n<meta property=\"article:published_time\" content=\"2014-03-28T17:16:16+00:00\" \/>\n<meta property=\"article:modified_time\" content=\"2014-03-29T15:39:44+00:00\" \/>\n<meta property=\"og:image\" content=\"https:\/\/igor.stojakovic.net\/wp-content\/uploads\/2014\/03\/St_Patricks_Day_Dublin_2014_Green.jpg\" \/>\n\t<meta property=\"og:image:width\" content=\"3552\" \/>\n\t<meta property=\"og:image:height\" content=\"2000\" \/>\n\t<meta property=\"og:image:type\" content=\"image\/jpeg\" \/>\n<meta name=\"author\" content=\"adminko\" \/>\n<meta name=\"twitter:label1\" content=\"Written by\" \/>\n\t<meta name=\"twitter:data1\" content=\"adminko\" \/>\n\t<meta name=\"twitter:label2\" content=\"Est. reading time\" \/>\n\t<meta name=\"twitter:data2\" content=\"12 minutes\" \/>\n<script type=\"application\/ld+json\" class=\"yoast-schema-graph\">{\"@context\":\"https:\/\/schema.org\",\"@graph\":[{\"@type\":\"WebPage\",\"@id\":\"https:\/\/igor.stojakovic.net\/en\/celebration-of-the-st-patricks-festival-in-dublin-14-03-17-03-2014\/\",\"url\":\"https:\/\/igor.stojakovic.net\/en\/celebration-of-the-st-patricks-festival-in-dublin-14-03-17-03-2014\/\",\"name\":\"Proslava festivala sv. Patrika u Dublinu (14.03.-17.03.2014.)Celebration of St. Patrick's Festival in Dublin (14.03.-17.03.2014) - Igor\",\"isPartOf\":{\"@id\":\"https:\/\/igor.stojakovic.net\/en\/#website\"},\"primaryImageOfPage\":{\"@id\":\"https:\/\/igor.stojakovic.net\/en\/celebration-of-the-st-patricks-festival-in-dublin-14-03-17-03-2014\/#primaryimage\"},\"image\":{\"@id\":\"https:\/\/igor.stojakovic.net\/en\/celebration-of-the-st-patricks-festival-in-dublin-14-03-17-03-2014\/#primaryimage\"},\"thumbnailUrl\":\"https:\/\/igor.stojakovic.net\/wp-content\/uploads\/2014\/03\/St_Patricks_Day_Dublin_2014_Green.jpg\",\"datePublished\":\"2014-03-28T17:16:16+00:00\",\"dateModified\":\"2014-03-29T15:39:44+00:00\",\"author\":{\"@id\":\"https:\/\/igor.stojakovic.net\/en\/#\/schema\/person\/b317ee1db015ef57e354703373b60beb\"},\"breadcrumb\":{\"@id\":\"https:\/\/igor.stojakovic.net\/en\/celebration-of-the-st-patricks-festival-in-dublin-14-03-17-03-2014\/#breadcrumb\"},\"inLanguage\":\"hr-HR\",\"potentialAction\":[{\"@type\":\"ReadAction\",\"target\":[\"https:\/\/igor.stojakovic.net\/en\/celebration-of-the-st-patricks-festival-in-dublin-14-03-17-03-2014\/\"]}]},{\"@type\":\"ImageObject\",\"inLanguage\":\"hr-HR\",\"@id\":\"https:\/\/igor.stojakovic.net\/en\/celebration-of-the-st-patricks-festival-in-dublin-14-03-17-03-2014\/#primaryimage\",\"url\":\"https:\/\/igor.stojakovic.net\/wp-content\/uploads\/2014\/03\/St_Patricks_Day_Dublin_2014_Green.jpg\",\"contentUrl\":\"https:\/\/igor.stojakovic.net\/wp-content\/uploads\/2014\/03\/St_Patricks_Day_Dublin_2014_Green.jpg\",\"width\":3552,\"height\":2000},{\"@type\":\"BreadcrumbList\",\"@id\":\"https:\/\/igor.stojakovic.net\/en\/celebration-of-the-st-patricks-festival-in-dublin-14-03-17-03-2014\/#breadcrumb\",\"itemListElement\":[{\"@type\":\"ListItem\",\"position\":1,\"name\":\"Home\",\"item\":\"https:\/\/igor.stojakovic.net\/en\/\"},{\"@type\":\"ListItem\",\"position\":2,\"name\":\"Proslava festivala sv. Patrika u Dublinu (14.03.-17.03.2014.)\"}]},{\"@type\":\"WebSite\",\"@id\":\"https:\/\/igor.stojakovic.net\/en\/#website\",\"url\":\"https:\/\/igor.stojakovic.net\/en\/\",\"name\":\"Igor\",\"description\":\"Life in Ireland, traveling, books, food, drinks, photography and fun :)\",\"potentialAction\":[{\"@type\":\"SearchAction\",\"target\":{\"@type\":\"EntryPoint\",\"urlTemplate\":\"https:\/\/igor.stojakovic.net\/en\/?s={search_term_string}\"},\"query-input\":{\"@type\":\"PropertyValueSpecification\",\"valueRequired\":true,\"valueName\":\"search_term_string\"}}],\"inLanguage\":\"hr-HR\"},{\"@type\":\"Person\",\"@id\":\"https:\/\/igor.stojakovic.net\/en\/#\/schema\/person\/b317ee1db015ef57e354703373b60beb\",\"name\":\"adminko\",\"image\":{\"@type\":\"ImageObject\",\"inLanguage\":\"hr-HR\",\"@id\":\"https:\/\/igor.stojakovic.net\/en\/#\/schema\/person\/image\/\",\"url\":\"https:\/\/secure.gravatar.com\/avatar\/b208ca62fce198979a36de5ca52859f1644d757200314a93353ef02da9b56650?s=96&d=mm&r=g\",\"contentUrl\":\"https:\/\/secure.gravatar.com\/avatar\/b208ca62fce198979a36de5ca52859f1644d757200314a93353ef02da9b56650?s=96&d=mm&r=g\",\"caption\":\"adminko\"},\"url\":\"https:\/\/igor.stojakovic.net\/hr\/author\/adminko\/\"}]}<\/script>\n<!-- \/ Yoast SEO plugin. -->","yoast_head_json":{"title":"Proslava festivala sv. Patrika u Dublinu (14.03.-17.03.2014.)Celebration of St. Patrick's Festival in Dublin (14.03.-17.03.2014) - Igor","robots":{"index":"index","follow":"follow","max-snippet":"max-snippet:-1","max-image-preview":"max-image-preview:large","max-video-preview":"max-video-preview:-1"},"canonical":"https:\/\/igor.stojakovic.net\/en\/celebration-of-the-st-patricks-festival-in-dublin-14-03-17-03-2014\/","og_locale":"hr_HR","og_type":"article","og_title":"Proslava festivala sv. Patrika u Dublinu (14.03.-17.03.2014.)Celebration of St. Patrick's Festival in Dublin (14.03.-17.03.2014) - Igor","og_description":"Evo, samo da vam javim da smo \u017eivi i zdravi i da je prva proslava sv. Patrika u Dublinu pro\u0161la sasvim OK. \ud83d\ude42 Dobro, jest da je pro\u0161lo ve\u0107 skoro dva puna tjedna od onda, ali na poslu mi se slo\u017eio lu\u0111a\u010dki tjedan, imali smo goste, a i o\u010dito mi je vrijeme oporavka du\u017ee nego...","og_url":"https:\/\/igor.stojakovic.net\/en\/celebration-of-the-st-patricks-festival-in-dublin-14-03-17-03-2014\/","og_site_name":"Igor","article_published_time":"2014-03-28T17:16:16+00:00","article_modified_time":"2014-03-29T15:39:44+00:00","og_image":[{"width":3552,"height":2000,"url":"https:\/\/igor.stojakovic.net\/wp-content\/uploads\/2014\/03\/St_Patricks_Day_Dublin_2014_Green.jpg","type":"image\/jpeg"}],"author":"adminko","twitter_misc":{"Written by":"adminko","Est. reading time":"12 minutes"},"schema":{"@context":"https:\/\/schema.org","@graph":[{"@type":"WebPage","@id":"https:\/\/igor.stojakovic.net\/en\/celebration-of-the-st-patricks-festival-in-dublin-14-03-17-03-2014\/","url":"https:\/\/igor.stojakovic.net\/en\/celebration-of-the-st-patricks-festival-in-dublin-14-03-17-03-2014\/","name":"Proslava festivala sv. Patrika u Dublinu (14.03.-17.03.2014.)Celebration of St. Patrick's Festival in Dublin (14.03.-17.03.2014) - Igor","isPartOf":{"@id":"https:\/\/igor.stojakovic.net\/en\/#website"},"primaryImageOfPage":{"@id":"https:\/\/igor.stojakovic.net\/en\/celebration-of-the-st-patricks-festival-in-dublin-14-03-17-03-2014\/#primaryimage"},"image":{"@id":"https:\/\/igor.stojakovic.net\/en\/celebration-of-the-st-patricks-festival-in-dublin-14-03-17-03-2014\/#primaryimage"},"thumbnailUrl":"https:\/\/igor.stojakovic.net\/wp-content\/uploads\/2014\/03\/St_Patricks_Day_Dublin_2014_Green.jpg","datePublished":"2014-03-28T17:16:16+00:00","dateModified":"2014-03-29T15:39:44+00:00","author":{"@id":"https:\/\/igor.stojakovic.net\/en\/#\/schema\/person\/b317ee1db015ef57e354703373b60beb"},"breadcrumb":{"@id":"https:\/\/igor.stojakovic.net\/en\/celebration-of-the-st-patricks-festival-in-dublin-14-03-17-03-2014\/#breadcrumb"},"inLanguage":"hr-HR","potentialAction":[{"@type":"ReadAction","target":["https:\/\/igor.stojakovic.net\/en\/celebration-of-the-st-patricks-festival-in-dublin-14-03-17-03-2014\/"]}]},{"@type":"ImageObject","inLanguage":"hr-HR","@id":"https:\/\/igor.stojakovic.net\/en\/celebration-of-the-st-patricks-festival-in-dublin-14-03-17-03-2014\/#primaryimage","url":"https:\/\/igor.stojakovic.net\/wp-content\/uploads\/2014\/03\/St_Patricks_Day_Dublin_2014_Green.jpg","contentUrl":"https:\/\/igor.stojakovic.net\/wp-content\/uploads\/2014\/03\/St_Patricks_Day_Dublin_2014_Green.jpg","width":3552,"height":2000},{"@type":"BreadcrumbList","@id":"https:\/\/igor.stojakovic.net\/en\/celebration-of-the-st-patricks-festival-in-dublin-14-03-17-03-2014\/#breadcrumb","itemListElement":[{"@type":"ListItem","position":1,"name":"Home","item":"https:\/\/igor.stojakovic.net\/en\/"},{"@type":"ListItem","position":2,"name":"Proslava festivala sv. Patrika u Dublinu (14.03.-17.03.2014.)"}]},{"@type":"WebSite","@id":"https:\/\/igor.stojakovic.net\/en\/#website","url":"https:\/\/igor.stojakovic.net\/en\/","name":"Igor","description":"Life in Ireland, traveling, books, food, drinks, photography and fun :)","potentialAction":[{"@type":"SearchAction","target":{"@type":"EntryPoint","urlTemplate":"https:\/\/igor.stojakovic.net\/en\/?s={search_term_string}"},"query-input":{"@type":"PropertyValueSpecification","valueRequired":true,"valueName":"search_term_string"}}],"inLanguage":"hr-HR"},{"@type":"Person","@id":"https:\/\/igor.stojakovic.net\/en\/#\/schema\/person\/b317ee1db015ef57e354703373b60beb","name":"adminko","image":{"@type":"ImageObject","inLanguage":"hr-HR","@id":"https:\/\/igor.stojakovic.net\/en\/#\/schema\/person\/image\/","url":"https:\/\/secure.gravatar.com\/avatar\/b208ca62fce198979a36de5ca52859f1644d757200314a93353ef02da9b56650?s=96&d=mm&r=g","contentUrl":"https:\/\/secure.gravatar.com\/avatar\/b208ca62fce198979a36de5ca52859f1644d757200314a93353ef02da9b56650?s=96&d=mm&r=g","caption":"adminko"},"url":"https:\/\/igor.stojakovic.net\/hr\/author\/adminko\/"}]}},"jetpack_publicize_connections":[],"jetpack_featured_media_url":"https:\/\/igor.stojakovic.net\/wp-content\/uploads\/2014\/03\/St_Patricks_Day_Dublin_2014_Green.jpg","jetpack_shortlink":"https:\/\/wp.me\/p5MH6F-7x","jetpack_sharing_enabled":true,"_links":{"self":[{"href":"https:\/\/igor.stojakovic.net\/hr\/wp-json\/wp\/v2\/posts\/467","targetHints":{"allow":["GET"]}}],"collection":[{"href":"https:\/\/igor.stojakovic.net\/hr\/wp-json\/wp\/v2\/posts"}],"about":[{"href":"https:\/\/igor.stojakovic.net\/hr\/wp-json\/wp\/v2\/types\/post"}],"author":[{"embeddable":true,"href":"https:\/\/igor.stojakovic.net\/hr\/wp-json\/wp\/v2\/users\/1"}],"replies":[{"embeddable":true,"href":"https:\/\/igor.stojakovic.net\/hr\/wp-json\/wp\/v2\/comments?post=467"}],"version-history":[{"count":14,"href":"https:\/\/igor.stojakovic.net\/hr\/wp-json\/wp\/v2\/posts\/467\/revisions"}],"predecessor-version":[{"id":514,"href":"https:\/\/igor.stojakovic.net\/hr\/wp-json\/wp\/v2\/posts\/467\/revisions\/514"}],"wp:featuredmedia":[{"embeddable":true,"href":"https:\/\/igor.stojakovic.net\/hr\/wp-json\/wp\/v2\/media\/489"}],"wp:attachment":[{"href":"https:\/\/igor.stojakovic.net\/hr\/wp-json\/wp\/v2\/media?parent=467"}],"wp:term":[{"taxonomy":"category","embeddable":true,"href":"https:\/\/igor.stojakovic.net\/hr\/wp-json\/wp\/v2\/categories?post=467"},{"taxonomy":"post_tag","embeddable":true,"href":"https:\/\/igor.stojakovic.net\/hr\/wp-json\/wp\/v2\/tags?post=467"}],"curies":[{"name":"wp","href":"https:\/\/api.w.org\/{rel}","templated":true}]}}