{"id":718,"date":"2014-06-29T21:10:44","date_gmt":"2014-06-29T21:10:44","guid":{"rendered":"http:\/\/igor.stojakovic.net\/en\/?p=718"},"modified":"2014-06-29T21:10:44","modified_gmt":"2014-06-29T21:10:44","slug":"dublin-gay-days","status":"publish","type":"post","link":"https:\/\/igor.stojakovic.net\/hr\/dublin-je-ovih-dana-pomalo-gej\/","title":{"rendered":"Dublin je ovih dana pomalo gej :)"},"content":{"rendered":"<p>Grad nam je u vrlo \u017eivahnim bojama ovih dana, i mislim da nisam u krivu kad ka\u017eem da je Dublin &#8220;gej&#8221; (sretan). Ovo dakako bolje zvu\u010di na engleskom, s obzirom da je i originalno zna\u010denje rije\u010di &#8220;gay&#8221; bilo &#8220;nesputan&#8221;, &#8220;sretan&#8221; odnosno &#8220;radostan&#8221;, ali da, Dublin je jedno veselo mjesto. <\/p>\n<p>Veselo mjesto koje podr\u017eava ljudska prava i ovogodi\u0161nja je gej manifestacije potrajala dva tjedna kroz tri vikenda. Po\u010dela je 14.06. i zavr\u0161it \u0107e danas. Glavni doga\u0111aj, parada ponosa odr\u017eana je ju\u010der, ali s obzirom da sam ja zaklju\u010dio da bi trebala biti zadnji dan, tj. danas, uspjeli smo je proma\u0161iti. \ud83d\ude42<\/p>\n<p>Ipak, napravili smo nakon parade krug po centru grada koji je i dalje bio krcat i veseo. <\/p>\n<p><img loading=\"lazy\" decoding=\"async\" data-attachment-id=\"731\" data-permalink=\"https:\/\/igor.stojakovic.net\/hr\/dublin-je-ovih-dana-pomalo-gej\/01_rainbow_flags\/\" data-orig-file=\"https:\/\/igor.stojakovic.net\/wp-content\/uploads\/2014\/06\/01_Rainbow_Flags.jpg\" data-orig-size=\"1024,675\" data-comments-opened=\"0\" data-image-meta=\"{&quot;aperture&quot;:&quot;2&quot;,&quot;credit&quot;:&quot;&quot;,&quot;camera&quot;:&quot;Lumia 920&quot;,&quot;caption&quot;:&quot;&quot;,&quot;created_timestamp&quot;:&quot;1403983199&quot;,&quot;copyright&quot;:&quot;&quot;,&quot;focal_length&quot;:&quot;0&quot;,&quot;iso&quot;:&quot;100&quot;,&quot;shutter_speed&quot;:&quot;0.000651&quot;,&quot;title&quot;:&quot;&quot;}\" data-image-title=\"01_Rainbow_Flags\" data-image-description=\"\" data-image-caption=\"\" data-medium-file=\"https:\/\/igor.stojakovic.net\/wp-content\/uploads\/2014\/06\/01_Rainbow_Flags-300x197.jpg\" data-large-file=\"https:\/\/igor.stojakovic.net\/wp-content\/uploads\/2014\/06\/01_Rainbow_Flags.jpg\" src=\"http:\/\/igor.stojakovic.net\/wp-content\/uploads\/2014\/06\/01_Rainbow_Flags.jpg\" alt=\"01_Rainbow_Flags\" width=\"1024\" height=\"675\" class=\"alignnone size-full wp-image-731\" srcset=\"https:\/\/igor.stojakovic.net\/wp-content\/uploads\/2014\/06\/01_Rainbow_Flags.jpg 1024w, https:\/\/igor.stojakovic.net\/wp-content\/uploads\/2014\/06\/01_Rainbow_Flags-300x197.jpg 300w\" sizes=\"auto, (max-width: 1024px) 100vw, 1024px\" \/><\/p>\n<p>\u010cinjenica da se u gradu odr\u017eava gej pride jasna je svima s obzirom da je centar grada dekoriran zastavama duginih boja ve\u0107 tjednima.<\/p>\n<p><img loading=\"lazy\" decoding=\"async\" data-attachment-id=\"724\" data-permalink=\"https:\/\/igor.stojakovic.net\/hr\/dublin-je-ovih-dana-pomalo-gej\/02_flags_around_the_city_centre\/\" data-orig-file=\"https:\/\/igor.stojakovic.net\/wp-content\/uploads\/2014\/06\/02_Flags_around_the_city_centre.jpg\" data-orig-size=\"577,1024\" data-comments-opened=\"0\" data-image-meta=\"{&quot;aperture&quot;:&quot;2&quot;,&quot;credit&quot;:&quot;&quot;,&quot;camera&quot;:&quot;Lumia 920&quot;,&quot;caption&quot;:&quot;&quot;,&quot;created_timestamp&quot;:&quot;1403960800&quot;,&quot;copyright&quot;:&quot;&quot;,&quot;focal_length&quot;:&quot;0&quot;,&quot;iso&quot;:&quot;100&quot;,&quot;shutter_speed&quot;:&quot;0.000674&quot;,&quot;title&quot;:&quot;&quot;}\" data-image-title=\"02_Flags_around_the_city_centre\" data-image-description=\"\" data-image-caption=\"\" data-medium-file=\"https:\/\/igor.stojakovic.net\/wp-content\/uploads\/2014\/06\/02_Flags_around_the_city_centre-169x300.jpg\" data-large-file=\"https:\/\/igor.stojakovic.net\/wp-content\/uploads\/2014\/06\/02_Flags_around_the_city_centre.jpg\" src=\"http:\/\/igor.stojakovic.net\/wp-content\/uploads\/2014\/06\/02_Flags_around_the_city_centre.jpg\" alt=\"02_Flags_around_the_city_centre\" width=\"577\" height=\"1024\" class=\"alignnone size-full wp-image-724\" srcset=\"https:\/\/igor.stojakovic.net\/wp-content\/uploads\/2014\/06\/02_Flags_around_the_city_centre.jpg 577w, https:\/\/igor.stojakovic.net\/wp-content\/uploads\/2014\/06\/02_Flags_around_the_city_centre-169x300.jpg 169w\" sizes=\"auto, (max-width: 577px) 100vw, 577px\" \/><\/p>\n<p>Kako se dan parade pribli\u017eavao tako je sve vi\u0161e mjesta bilo ukra\u0161eno duginim bojama na vratima, prozorima i vrtovima. \ud83d\ude42<\/p>\n<p><img loading=\"lazy\" decoding=\"async\" data-attachment-id=\"723\" data-permalink=\"https:\/\/igor.stojakovic.net\/hr\/dublin-je-ovih-dana-pomalo-gej\/02_flags_around_the_city_centre_2\/\" data-orig-file=\"https:\/\/igor.stojakovic.net\/wp-content\/uploads\/2014\/06\/02_Flags_around_the_city_centre_2.jpg\" data-orig-size=\"1024,577\" data-comments-opened=\"0\" data-image-meta=\"{&quot;aperture&quot;:&quot;2&quot;,&quot;credit&quot;:&quot;&quot;,&quot;camera&quot;:&quot;Lumia 920&quot;,&quot;caption&quot;:&quot;&quot;,&quot;created_timestamp&quot;:&quot;1403960853&quot;,&quot;copyright&quot;:&quot;&quot;,&quot;focal_length&quot;:&quot;0&quot;,&quot;iso&quot;:&quot;100&quot;,&quot;shutter_speed&quot;:&quot;0.002757&quot;,&quot;title&quot;:&quot;&quot;}\" data-image-title=\"02_Flags_around_the_city_centre_2\" data-image-description=\"\" data-image-caption=\"\" data-medium-file=\"https:\/\/igor.stojakovic.net\/wp-content\/uploads\/2014\/06\/02_Flags_around_the_city_centre_2-300x169.jpg\" data-large-file=\"https:\/\/igor.stojakovic.net\/wp-content\/uploads\/2014\/06\/02_Flags_around_the_city_centre_2.jpg\" src=\"http:\/\/igor.stojakovic.net\/wp-content\/uploads\/2014\/06\/02_Flags_around_the_city_centre_2.jpg\" alt=\"02_Flags_around_the_city_centre_2\" width=\"1024\" height=\"577\" class=\"alignnone size-full wp-image-723\" srcset=\"https:\/\/igor.stojakovic.net\/wp-content\/uploads\/2014\/06\/02_Flags_around_the_city_centre_2.jpg 1024w, https:\/\/igor.stojakovic.net\/wp-content\/uploads\/2014\/06\/02_Flags_around_the_city_centre_2-300x169.jpg 300w\" sizes=\"auto, (max-width: 1024px) 100vw, 1024px\" \/><\/p>\n<p>Male trgovine, velike trgovine, korporacije i pekare, gotovo svi su izrazili svoju podr\u0161ku.<\/p>\n<p><img loading=\"lazy\" decoding=\"async\" data-attachment-id=\"732\" data-permalink=\"https:\/\/igor.stojakovic.net\/hr\/dublin-je-ovih-dana-pomalo-gej\/03_gay_support_bakery\/\" data-orig-file=\"https:\/\/igor.stojakovic.net\/wp-content\/uploads\/2014\/06\/03_Gay_support_Bakery.jpg\" data-orig-size=\"577,1024\" data-comments-opened=\"0\" data-image-meta=\"{&quot;aperture&quot;:&quot;2&quot;,&quot;credit&quot;:&quot;&quot;,&quot;camera&quot;:&quot;Lumia 920&quot;,&quot;caption&quot;:&quot;&quot;,&quot;created_timestamp&quot;:&quot;1403960975&quot;,&quot;copyright&quot;:&quot;&quot;,&quot;focal_length&quot;:&quot;0&quot;,&quot;iso&quot;:&quot;100&quot;,&quot;shutter_speed&quot;:&quot;0.00109&quot;,&quot;title&quot;:&quot;&quot;}\" data-image-title=\"03_Gay_support_Bakery\" data-image-description=\"\" data-image-caption=\"\" data-medium-file=\"https:\/\/igor.stojakovic.net\/wp-content\/uploads\/2014\/06\/03_Gay_support_Bakery-169x300.jpg\" data-large-file=\"https:\/\/igor.stojakovic.net\/wp-content\/uploads\/2014\/06\/03_Gay_support_Bakery.jpg\" src=\"http:\/\/igor.stojakovic.net\/wp-content\/uploads\/2014\/06\/03_Gay_support_Bakery.jpg\" alt=\"03_Gay_support_Bakery\" width=\"577\" height=\"1024\" class=\"alignnone size-full wp-image-732\" srcset=\"https:\/\/igor.stojakovic.net\/wp-content\/uploads\/2014\/06\/03_Gay_support_Bakery.jpg 577w, https:\/\/igor.stojakovic.net\/wp-content\/uploads\/2014\/06\/03_Gay_support_Bakery-169x300.jpg 169w\" sizes=\"auto, (max-width: 577px) 100vw, 577px\" \/><\/p>\n<p>A kako se dan parade pribli\u017eavao, sve je vi\u0161e ljudi nosili interesantnu odje\u0107u \u017eivahnih boja. \ud83d\ude42<\/p>\n<p><img loading=\"lazy\" decoding=\"async\" data-attachment-id=\"726\" data-permalink=\"https:\/\/igor.stojakovic.net\/hr\/dublin-je-ovih-dana-pomalo-gej\/04_gay_rights_supporters\/\" data-orig-file=\"https:\/\/igor.stojakovic.net\/wp-content\/uploads\/2014\/06\/04_gay_rights_supporters.jpg\" data-orig-size=\"1024,656\" data-comments-opened=\"0\" data-image-meta=\"{&quot;aperture&quot;:&quot;2&quot;,&quot;credit&quot;:&quot;&quot;,&quot;camera&quot;:&quot;Lumia 920&quot;,&quot;caption&quot;:&quot;&quot;,&quot;created_timestamp&quot;:&quot;1403970744&quot;,&quot;copyright&quot;:&quot;&quot;,&quot;focal_length&quot;:&quot;0&quot;,&quot;iso&quot;:&quot;100&quot;,&quot;shutter_speed&quot;:&quot;0.000888&quot;,&quot;title&quot;:&quot;&quot;}\" data-image-title=\"04_gay_rights_supporters\" data-image-description=\"\" data-image-caption=\"\" data-medium-file=\"https:\/\/igor.stojakovic.net\/wp-content\/uploads\/2014\/06\/04_gay_rights_supporters-300x192.jpg\" data-large-file=\"https:\/\/igor.stojakovic.net\/wp-content\/uploads\/2014\/06\/04_gay_rights_supporters.jpg\" src=\"http:\/\/igor.stojakovic.net\/wp-content\/uploads\/2014\/06\/04_gay_rights_supporters.jpg\" alt=\"04_gay_rights_supporters\" width=\"1024\" height=\"656\" class=\"alignnone size-full wp-image-726\" srcset=\"https:\/\/igor.stojakovic.net\/wp-content\/uploads\/2014\/06\/04_gay_rights_supporters.jpg 1024w, https:\/\/igor.stojakovic.net\/wp-content\/uploads\/2014\/06\/04_gay_rights_supporters-300x192.jpg 300w\" sizes=\"auto, (max-width: 1024px) 100vw, 1024px\" \/><\/p>\n<p>Neki su svoju podr\u0161ku izrazili malim duginim naljepnicama na licu i tijelu, drugi su pak bili kompletno \u0161areni, dok su neki samo bili dio mase podr\u017eavaju\u0107i svoje prijatelje. Parada je, kako vidim u medijima, bila najve\u0107a do sad i skupilo se oko 40 000 ljudi. Istina, ne\u0161to je manja od one za dan Sv. Patrika, ali ipak 40 000 ljudi je jedna lijepa \u0161arena masa.<\/p>\n<p><img loading=\"lazy\" decoding=\"async\" data-attachment-id=\"728\" data-permalink=\"https:\/\/igor.stojakovic.net\/hr\/dublin-je-ovih-dana-pomalo-gej\/06_gay_superman\/\" data-orig-file=\"https:\/\/igor.stojakovic.net\/wp-content\/uploads\/2014\/06\/06_Gay_Superman.jpg\" data-orig-size=\"1024,577\" data-comments-opened=\"0\" data-image-meta=\"{&quot;aperture&quot;:&quot;2&quot;,&quot;credit&quot;:&quot;&quot;,&quot;camera&quot;:&quot;Lumia 920&quot;,&quot;caption&quot;:&quot;&quot;,&quot;created_timestamp&quot;:&quot;1403971488&quot;,&quot;copyright&quot;:&quot;&quot;,&quot;focal_length&quot;:&quot;0&quot;,&quot;iso&quot;:&quot;100&quot;,&quot;shutter_speed&quot;:&quot;0.002397&quot;,&quot;title&quot;:&quot;&quot;}\" data-image-title=\"06_Gay_Superman\" data-image-description=\"\" data-image-caption=\"\" data-medium-file=\"https:\/\/igor.stojakovic.net\/wp-content\/uploads\/2014\/06\/06_Gay_Superman-300x169.jpg\" data-large-file=\"https:\/\/igor.stojakovic.net\/wp-content\/uploads\/2014\/06\/06_Gay_Superman.jpg\" src=\"http:\/\/igor.stojakovic.net\/wp-content\/uploads\/2014\/06\/06_Gay_Superman.jpg\" alt=\"06_Gay_Superman\" width=\"1024\" height=\"577\" class=\"alignnone size-full wp-image-728\" srcset=\"https:\/\/igor.stojakovic.net\/wp-content\/uploads\/2014\/06\/06_Gay_Superman.jpg 1024w, https:\/\/igor.stojakovic.net\/wp-content\/uploads\/2014\/06\/06_Gay_Superman-300x169.jpg 300w\" sizes=\"auto, (max-width: 1024px) 100vw, 1024px\" \/><\/p>\n<p>Neki su bili i u malo ve\u0107im zastavama&#8230;<\/p>\n<p><img loading=\"lazy\" decoding=\"async\" data-attachment-id=\"729\" data-permalink=\"https:\/\/igor.stojakovic.net\/hr\/dublin-je-ovih-dana-pomalo-gej\/07_gay_supporter_photographer\/\" data-orig-file=\"https:\/\/igor.stojakovic.net\/wp-content\/uploads\/2014\/06\/07_Gay_supporter_photographer.jpg\" data-orig-size=\"1024,577\" data-comments-opened=\"0\" data-image-meta=\"{&quot;aperture&quot;:&quot;2&quot;,&quot;credit&quot;:&quot;&quot;,&quot;camera&quot;:&quot;Lumia 920&quot;,&quot;caption&quot;:&quot;&quot;,&quot;created_timestamp&quot;:&quot;1403971528&quot;,&quot;copyright&quot;:&quot;&quot;,&quot;focal_length&quot;:&quot;0&quot;,&quot;iso&quot;:&quot;100&quot;,&quot;shutter_speed&quot;:&quot;0.002118&quot;,&quot;title&quot;:&quot;&quot;}\" data-image-title=\"07_Gay_supporter_photographer\" data-image-description=\"\" data-image-caption=\"\" data-medium-file=\"https:\/\/igor.stojakovic.net\/wp-content\/uploads\/2014\/06\/07_Gay_supporter_photographer-300x169.jpg\" data-large-file=\"https:\/\/igor.stojakovic.net\/wp-content\/uploads\/2014\/06\/07_Gay_supporter_photographer.jpg\" src=\"http:\/\/igor.stojakovic.net\/wp-content\/uploads\/2014\/06\/07_Gay_supporter_photographer.jpg\" alt=\"07_Gay_supporter_photographer\" width=\"1024\" height=\"577\" class=\"alignnone size-full wp-image-729\" srcset=\"https:\/\/igor.stojakovic.net\/wp-content\/uploads\/2014\/06\/07_Gay_supporter_photographer.jpg 1024w, https:\/\/igor.stojakovic.net\/wp-content\/uploads\/2014\/06\/07_Gay_supporter_photographer-300x169.jpg 300w\" sizes=\"auto, (max-width: 1024px) 100vw, 1024px\" \/><\/p>\n<p>Dok su slu\u017ebeni fotografi imali \u0161arene vijence&#8230;<\/p>\n<p><img loading=\"lazy\" decoding=\"async\" data-attachment-id=\"730\" data-permalink=\"https:\/\/igor.stojakovic.net\/hr\/dublin-je-ovih-dana-pomalo-gej\/08_rainbow_legs\/\" data-orig-file=\"https:\/\/igor.stojakovic.net\/wp-content\/uploads\/2014\/06\/08_Rainbow_Legs.jpg\" data-orig-size=\"1024,811\" data-comments-opened=\"0\" data-image-meta=\"{&quot;aperture&quot;:&quot;2&quot;,&quot;credit&quot;:&quot;&quot;,&quot;camera&quot;:&quot;Lumia 920&quot;,&quot;caption&quot;:&quot;&quot;,&quot;created_timestamp&quot;:&quot;1403971732&quot;,&quot;copyright&quot;:&quot;&quot;,&quot;focal_length&quot;:&quot;0&quot;,&quot;iso&quot;:&quot;100&quot;,&quot;shutter_speed&quot;:&quot;0.001105&quot;,&quot;title&quot;:&quot;&quot;}\" data-image-title=\"08_Rainbow_Legs\" data-image-description=\"\" data-image-caption=\"\" data-medium-file=\"https:\/\/igor.stojakovic.net\/wp-content\/uploads\/2014\/06\/08_Rainbow_Legs-300x237.jpg\" data-large-file=\"https:\/\/igor.stojakovic.net\/wp-content\/uploads\/2014\/06\/08_Rainbow_Legs.jpg\" src=\"http:\/\/igor.stojakovic.net\/wp-content\/uploads\/2014\/06\/08_Rainbow_Legs.jpg\" alt=\"08_Rainbow_Legs\" width=\"1024\" height=\"811\" class=\"alignnone size-full wp-image-730\" srcset=\"https:\/\/igor.stojakovic.net\/wp-content\/uploads\/2014\/06\/08_Rainbow_Legs.jpg 1024w, https:\/\/igor.stojakovic.net\/wp-content\/uploads\/2014\/06\/08_Rainbow_Legs-300x237.jpg 300w\" sizes=\"auto, (max-width: 1024px) 100vw, 1024px\" \/><\/p>\n<p>A neki su imali \u0161arene noge. <\/p>\n<p><img loading=\"lazy\" decoding=\"async\" data-attachment-id=\"727\" data-permalink=\"https:\/\/igor.stojakovic.net\/hr\/dublin-je-ovih-dana-pomalo-gej\/05_rainbow_ballons\/\" data-orig-file=\"https:\/\/igor.stojakovic.net\/wp-content\/uploads\/2014\/06\/05_Rainbow_ballons.jpg\" data-orig-size=\"1024,577\" data-comments-opened=\"0\" data-image-meta=\"{&quot;aperture&quot;:&quot;2&quot;,&quot;credit&quot;:&quot;&quot;,&quot;camera&quot;:&quot;Lumia 920&quot;,&quot;caption&quot;:&quot;&quot;,&quot;created_timestamp&quot;:&quot;1403971226&quot;,&quot;copyright&quot;:&quot;&quot;,&quot;focal_length&quot;:&quot;0&quot;,&quot;iso&quot;:&quot;100&quot;,&quot;shutter_speed&quot;:&quot;0.005638&quot;,&quot;title&quot;:&quot;&quot;}\" data-image-title=\"05_Rainbow_ballons\" data-image-description=\"\" data-image-caption=\"\" data-medium-file=\"https:\/\/igor.stojakovic.net\/wp-content\/uploads\/2014\/06\/05_Rainbow_ballons-300x169.jpg\" data-large-file=\"https:\/\/igor.stojakovic.net\/wp-content\/uploads\/2014\/06\/05_Rainbow_ballons.jpg\" src=\"http:\/\/igor.stojakovic.net\/wp-content\/uploads\/2014\/06\/05_Rainbow_ballons.jpg\" alt=\"05_Rainbow_ballons\" width=\"1024\" height=\"577\" class=\"alignnone size-full wp-image-727\" srcset=\"https:\/\/igor.stojakovic.net\/wp-content\/uploads\/2014\/06\/05_Rainbow_ballons.jpg 1024w, https:\/\/igor.stojakovic.net\/wp-content\/uploads\/2014\/06\/05_Rainbow_ballons-300x169.jpg 300w\" sizes=\"auto, (max-width: 1024px) 100vw, 1024px\" \/><\/p>\n<p>Na kraju pri\u010de, ljudi su se zabavljali bez ikakvih problema. <\/p>\n<p>Kako je ove godine sponzor parade ni manje ni vi\u0161e Google, \u010dak je i Android bio gej u paradi (video s youtubea:) <\/p>\n<div class=\"jetpack-video-wrapper\"><iframe loading=\"lazy\" title=\"Android @ Dublin Pride 2014\" width=\"640\" height=\"360\" src=\"https:\/\/www.youtube.com\/embed\/qGe0BHQxuTI?feature=oembed\" frameborder=\"0\" allow=\"accelerometer; autoplay; clipboard-write; encrypted-media; gyroscope; picture-in-picture; web-share\" referrerpolicy=\"strict-origin-when-cross-origin\" allowfullscreen><\/iframe><\/div>\n<p>Pitao sam naivno na poslu &#8220;jel ta parada ono, zeznuta stvar&#8221;, kao jel mo\u017eemo o\u010dekivati policiju, osiguranje i frku u centru. Rekli su mi kako je Dublin jako prijateljski nastrojen prema ljudima gej populacije, i kako ako se pojavi neki homofob i poku\u0161a pravit frku vjerojatno \u0107e dobit po tamburi od lokalnih ljudi koji su netolerantni prema agresivnim homofobima, ali da se to uglavnom ne\u0107e dogoditi, pa da ne moramo brinuti. <\/p>\n<p>I tako je i bilo. U Dublinu vrijedi ona &#8220;\u017eivi i pusti druge da \u017eive&#8221;. <\/p>\n<p>S obzirom da znamo kako izgledaju rezultati parade kod nas, pro\u0161njofao sam malo i po komentarima. Naravno da se na\u0161lo onih koji pozivaju i zazivaju Boga, koji smatraju da je sve ovo nakaradno i protiv biblije, ali puno je manje mr\u017enje, agresije i podjela me\u0111u ljudima u komentarima. <\/p>\n<p>Zaklju\u010dak medija i organizatora je kako je gej pride u Dublinu postao proslava i potvrda individualnosti. <\/p>\n<p>Eto, tako sam i ja napisao svoj drugi post ovaj mjesec, dakle sve je po planu! \ud83d\ude42<\/p>\n<p>Do idu\u0107eg&#8230; <\/p>\n<p>Pozdravljam vas. <\/p>\n<p>Balky<br \/>\n<\/p>","protected":false},"excerpt":{"rendered":"<p>Grad nam je u vrlo \u017eivahnim bojama ovih dana, i mislim da nisam u krivu kad ka\u017eem da je Dublin &#8220;gej&#8221; (sretan). Ovo dakako bolje zvu\u010di na engleskom, s obzirom da je i originalno zna\u010denje rije\u010di &#8220;gay&#8221; bilo &#8220;nesputan&#8221;, &#8220;sretan&#8221; odnosno &#8220;radostan&#8221;, ali da, Dublin je jedno veselo mjesto. Veselo mjesto koje podr\u017eava ljudska prava&#8230;<\/p>\n","protected":false},"author":1,"featured_media":722,"comment_status":"closed","ping_status":"open","sticky":false,"template":"","format":"standard","meta":{"jetpack_post_was_ever_published":false,"_jetpack_newsletter_access":"","_jetpack_dont_email_post_to_subs":false,"_jetpack_newsletter_tier_id":0,"_jetpack_memberships_contains_paywalled_content":false,"_jetpack_memberships_contains_paid_content":false,"footnotes":"","jetpack_publicize_message":"","jetpack_publicize_feature_enabled":true,"jetpack_social_post_already_shared":true,"jetpack_social_options":{"image_generator_settings":{"template":"highway","enabled":false},"version":2}},"categories":[6],"tags":[8],"class_list":["post-718","post","type-post","status-publish","format-standard","has-post-thumbnail","hentry","category-ireland","tag-ie"],"yoast_head":"<!-- This site is optimized with the Yoast SEO plugin v25.1 - https:\/\/yoast.com\/wordpress\/plugins\/seo\/ -->\n<title>Dublin je ovih dana pomalo gej :)Dublin is gay these days :) - Igor<\/title>\n<meta name=\"robots\" content=\"index, follow, max-snippet:-1, max-image-preview:large, max-video-preview:-1\" \/>\n<link rel=\"canonical\" href=\"https:\/\/igor.stojakovic.net\/en\/dublin-is-gay-these-days\/\" \/>\n<meta property=\"og:locale\" content=\"hr_HR\" \/>\n<meta property=\"og:type\" content=\"article\" \/>\n<meta property=\"og:title\" content=\"Dublin je ovih dana pomalo gej :)Dublin is gay these days :) - Igor\" \/>\n<meta property=\"og:description\" content=\"Grad nam je u vrlo \u017eivahnim bojama ovih dana, i mislim da nisam u krivu kad ka\u017eem da je Dublin &#8220;gej&#8221; (sretan). Ovo dakako bolje zvu\u010di na engleskom, s obzirom da je i originalno zna\u010denje rije\u010di &#8220;gay&#8221; bilo &#8220;nesputan&#8221;, &#8220;sretan&#8221; odnosno &#8220;radostan&#8221;, ali da, Dublin je jedno veselo mjesto. Veselo mjesto koje podr\u017eava ljudska prava...\" \/>\n<meta property=\"og:url\" content=\"https:\/\/igor.stojakovic.net\/en\/dublin-is-gay-these-days\/\" \/>\n<meta property=\"og:site_name\" content=\"Igor\" \/>\n<meta property=\"article:published_time\" content=\"2014-06-29T21:10:44+00:00\" \/>\n<meta property=\"og:image\" content=\"https:\/\/igor.stojakovic.net\/wp-content\/uploads\/2014\/06\/01_Dublin_is_Gay.jpg\" \/>\n\t<meta property=\"og:image:width\" content=\"2000\" \/>\n\t<meta property=\"og:image:height\" content=\"1108\" \/>\n\t<meta property=\"og:image:type\" content=\"image\/jpeg\" \/>\n<meta name=\"author\" content=\"adminko\" \/>\n<meta name=\"twitter:label1\" content=\"Written by\" \/>\n\t<meta name=\"twitter:data1\" content=\"adminko\" \/>\n\t<meta name=\"twitter:label2\" content=\"Est. reading time\" \/>\n\t<meta name=\"twitter:data2\" content=\"5 minutes\" \/>\n<script type=\"application\/ld+json\" class=\"yoast-schema-graph\">{\"@context\":\"https:\/\/schema.org\",\"@graph\":[{\"@type\":\"WebPage\",\"@id\":\"https:\/\/igor.stojakovic.net\/en\/dublin-is-gay-these-days\/\",\"url\":\"https:\/\/igor.stojakovic.net\/en\/dublin-is-gay-these-days\/\",\"name\":\"Dublin je ovih dana pomalo gej :)Dublin is gay these days :) - Igor\",\"isPartOf\":{\"@id\":\"https:\/\/igor.stojakovic.net\/en\/#website\"},\"primaryImageOfPage\":{\"@id\":\"https:\/\/igor.stojakovic.net\/en\/dublin-is-gay-these-days\/#primaryimage\"},\"image\":{\"@id\":\"https:\/\/igor.stojakovic.net\/en\/dublin-is-gay-these-days\/#primaryimage\"},\"thumbnailUrl\":\"https:\/\/igor.stojakovic.net\/wp-content\/uploads\/2014\/06\/01_Dublin_is_Gay.jpg\",\"datePublished\":\"2014-06-29T21:10:44+00:00\",\"author\":{\"@id\":\"https:\/\/igor.stojakovic.net\/en\/#\/schema\/person\/b317ee1db015ef57e354703373b60beb\"},\"breadcrumb\":{\"@id\":\"https:\/\/igor.stojakovic.net\/en\/dublin-is-gay-these-days\/#breadcrumb\"},\"inLanguage\":\"hr-HR\",\"potentialAction\":[{\"@type\":\"ReadAction\",\"target\":[\"https:\/\/igor.stojakovic.net\/en\/dublin-is-gay-these-days\/\"]}]},{\"@type\":\"ImageObject\",\"inLanguage\":\"hr-HR\",\"@id\":\"https:\/\/igor.stojakovic.net\/en\/dublin-is-gay-these-days\/#primaryimage\",\"url\":\"https:\/\/igor.stojakovic.net\/wp-content\/uploads\/2014\/06\/01_Dublin_is_Gay.jpg\",\"contentUrl\":\"https:\/\/igor.stojakovic.net\/wp-content\/uploads\/2014\/06\/01_Dublin_is_Gay.jpg\",\"width\":2000,\"height\":1108},{\"@type\":\"BreadcrumbList\",\"@id\":\"https:\/\/igor.stojakovic.net\/en\/dublin-is-gay-these-days\/#breadcrumb\",\"itemListElement\":[{\"@type\":\"ListItem\",\"position\":1,\"name\":\"Home\",\"item\":\"https:\/\/igor.stojakovic.net\/en\/\"},{\"@type\":\"ListItem\",\"position\":2,\"name\":\"Dublin je ovih dana pomalo gej :)\"}]},{\"@type\":\"WebSite\",\"@id\":\"https:\/\/igor.stojakovic.net\/en\/#website\",\"url\":\"https:\/\/igor.stojakovic.net\/en\/\",\"name\":\"Igor\",\"description\":\"Life in Ireland, traveling, books, food, drinks, photography and fun :)\",\"potentialAction\":[{\"@type\":\"SearchAction\",\"target\":{\"@type\":\"EntryPoint\",\"urlTemplate\":\"https:\/\/igor.stojakovic.net\/en\/?s={search_term_string}\"},\"query-input\":{\"@type\":\"PropertyValueSpecification\",\"valueRequired\":true,\"valueName\":\"search_term_string\"}}],\"inLanguage\":\"hr-HR\"},{\"@type\":\"Person\",\"@id\":\"https:\/\/igor.stojakovic.net\/en\/#\/schema\/person\/b317ee1db015ef57e354703373b60beb\",\"name\":\"adminko\",\"image\":{\"@type\":\"ImageObject\",\"inLanguage\":\"hr-HR\",\"@id\":\"https:\/\/igor.stojakovic.net\/en\/#\/schema\/person\/image\/\",\"url\":\"https:\/\/secure.gravatar.com\/avatar\/b208ca62fce198979a36de5ca52859f1644d757200314a93353ef02da9b56650?s=96&d=mm&r=g\",\"contentUrl\":\"https:\/\/secure.gravatar.com\/avatar\/b208ca62fce198979a36de5ca52859f1644d757200314a93353ef02da9b56650?s=96&d=mm&r=g\",\"caption\":\"adminko\"},\"url\":\"https:\/\/igor.stojakovic.net\/hr\/author\/adminko\/\"}]}<\/script>\n<!-- \/ Yoast SEO plugin. -->","yoast_head_json":{"title":"Dublin je ovih dana pomalo gej :)Dublin is gay these days :) - Igor","robots":{"index":"index","follow":"follow","max-snippet":"max-snippet:-1","max-image-preview":"max-image-preview:large","max-video-preview":"max-video-preview:-1"},"canonical":"https:\/\/igor.stojakovic.net\/en\/dublin-is-gay-these-days\/","og_locale":"hr_HR","og_type":"article","og_title":"Dublin je ovih dana pomalo gej :)Dublin is gay these days :) - Igor","og_description":"Grad nam je u vrlo \u017eivahnim bojama ovih dana, i mislim da nisam u krivu kad ka\u017eem da je Dublin &#8220;gej&#8221; (sretan). Ovo dakako bolje zvu\u010di na engleskom, s obzirom da je i originalno zna\u010denje rije\u010di &#8220;gay&#8221; bilo &#8220;nesputan&#8221;, &#8220;sretan&#8221; odnosno &#8220;radostan&#8221;, ali da, Dublin je jedno veselo mjesto. Veselo mjesto koje podr\u017eava ljudska prava...","og_url":"https:\/\/igor.stojakovic.net\/en\/dublin-is-gay-these-days\/","og_site_name":"Igor","article_published_time":"2014-06-29T21:10:44+00:00","og_image":[{"width":2000,"height":1108,"url":"https:\/\/igor.stojakovic.net\/wp-content\/uploads\/2014\/06\/01_Dublin_is_Gay.jpg","type":"image\/jpeg"}],"author":"adminko","twitter_misc":{"Written by":"adminko","Est. reading time":"5 minutes"},"schema":{"@context":"https:\/\/schema.org","@graph":[{"@type":"WebPage","@id":"https:\/\/igor.stojakovic.net\/en\/dublin-is-gay-these-days\/","url":"https:\/\/igor.stojakovic.net\/en\/dublin-is-gay-these-days\/","name":"Dublin je ovih dana pomalo gej :)Dublin is gay these days :) - Igor","isPartOf":{"@id":"https:\/\/igor.stojakovic.net\/en\/#website"},"primaryImageOfPage":{"@id":"https:\/\/igor.stojakovic.net\/en\/dublin-is-gay-these-days\/#primaryimage"},"image":{"@id":"https:\/\/igor.stojakovic.net\/en\/dublin-is-gay-these-days\/#primaryimage"},"thumbnailUrl":"https:\/\/igor.stojakovic.net\/wp-content\/uploads\/2014\/06\/01_Dublin_is_Gay.jpg","datePublished":"2014-06-29T21:10:44+00:00","author":{"@id":"https:\/\/igor.stojakovic.net\/en\/#\/schema\/person\/b317ee1db015ef57e354703373b60beb"},"breadcrumb":{"@id":"https:\/\/igor.stojakovic.net\/en\/dublin-is-gay-these-days\/#breadcrumb"},"inLanguage":"hr-HR","potentialAction":[{"@type":"ReadAction","target":["https:\/\/igor.stojakovic.net\/en\/dublin-is-gay-these-days\/"]}]},{"@type":"ImageObject","inLanguage":"hr-HR","@id":"https:\/\/igor.stojakovic.net\/en\/dublin-is-gay-these-days\/#primaryimage","url":"https:\/\/igor.stojakovic.net\/wp-content\/uploads\/2014\/06\/01_Dublin_is_Gay.jpg","contentUrl":"https:\/\/igor.stojakovic.net\/wp-content\/uploads\/2014\/06\/01_Dublin_is_Gay.jpg","width":2000,"height":1108},{"@type":"BreadcrumbList","@id":"https:\/\/igor.stojakovic.net\/en\/dublin-is-gay-these-days\/#breadcrumb","itemListElement":[{"@type":"ListItem","position":1,"name":"Home","item":"https:\/\/igor.stojakovic.net\/en\/"},{"@type":"ListItem","position":2,"name":"Dublin je ovih dana pomalo gej :)"}]},{"@type":"WebSite","@id":"https:\/\/igor.stojakovic.net\/en\/#website","url":"https:\/\/igor.stojakovic.net\/en\/","name":"Igor","description":"Life in Ireland, traveling, books, food, drinks, photography and fun :)","potentialAction":[{"@type":"SearchAction","target":{"@type":"EntryPoint","urlTemplate":"https:\/\/igor.stojakovic.net\/en\/?s={search_term_string}"},"query-input":{"@type":"PropertyValueSpecification","valueRequired":true,"valueName":"search_term_string"}}],"inLanguage":"hr-HR"},{"@type":"Person","@id":"https:\/\/igor.stojakovic.net\/en\/#\/schema\/person\/b317ee1db015ef57e354703373b60beb","name":"adminko","image":{"@type":"ImageObject","inLanguage":"hr-HR","@id":"https:\/\/igor.stojakovic.net\/en\/#\/schema\/person\/image\/","url":"https:\/\/secure.gravatar.com\/avatar\/b208ca62fce198979a36de5ca52859f1644d757200314a93353ef02da9b56650?s=96&d=mm&r=g","contentUrl":"https:\/\/secure.gravatar.com\/avatar\/b208ca62fce198979a36de5ca52859f1644d757200314a93353ef02da9b56650?s=96&d=mm&r=g","caption":"adminko"},"url":"https:\/\/igor.stojakovic.net\/hr\/author\/adminko\/"}]}},"jetpack_publicize_connections":[],"jetpack_featured_media_url":"https:\/\/igor.stojakovic.net\/wp-content\/uploads\/2014\/06\/01_Dublin_is_Gay.jpg","jetpack_shortlink":"https:\/\/wp.me\/p5MH6F-bA","jetpack_sharing_enabled":true,"_links":{"self":[{"href":"https:\/\/igor.stojakovic.net\/hr\/wp-json\/wp\/v2\/posts\/718","targetHints":{"allow":["GET"]}}],"collection":[{"href":"https:\/\/igor.stojakovic.net\/hr\/wp-json\/wp\/v2\/posts"}],"about":[{"href":"https:\/\/igor.stojakovic.net\/hr\/wp-json\/wp\/v2\/types\/post"}],"author":[{"embeddable":true,"href":"https:\/\/igor.stojakovic.net\/hr\/wp-json\/wp\/v2\/users\/1"}],"replies":[{"embeddable":true,"href":"https:\/\/igor.stojakovic.net\/hr\/wp-json\/wp\/v2\/comments?post=718"}],"version-history":[{"count":4,"href":"https:\/\/igor.stojakovic.net\/hr\/wp-json\/wp\/v2\/posts\/718\/revisions"}],"predecessor-version":[{"id":735,"href":"https:\/\/igor.stojakovic.net\/hr\/wp-json\/wp\/v2\/posts\/718\/revisions\/735"}],"wp:featuredmedia":[{"embeddable":true,"href":"https:\/\/igor.stojakovic.net\/hr\/wp-json\/wp\/v2\/media\/722"}],"wp:attachment":[{"href":"https:\/\/igor.stojakovic.net\/hr\/wp-json\/wp\/v2\/media?parent=718"}],"wp:term":[{"taxonomy":"category","embeddable":true,"href":"https:\/\/igor.stojakovic.net\/hr\/wp-json\/wp\/v2\/categories?post=718"},{"taxonomy":"post_tag","embeddable":true,"href":"https:\/\/igor.stojakovic.net\/hr\/wp-json\/wp\/v2\/tags?post=718"}],"curies":[{"name":"wp","href":"https:\/\/api.w.org\/{rel}","templated":true}]}}